
{"id":92623,"date":"2021-01-18T09:01:14","date_gmt":"2021-01-18T12:01:14","guid":{"rendered":"https:\/\/www.sudoestehoje.com.br\/novoportal\/?p=92623"},"modified":"2021-01-18T09:18:55","modified_gmt":"2021-01-18T12:18:55","slug":"itapetinga-tem-plano-de-vacinacao-para-ser-aplicado-com-chegada-da-vacina","status":"publish","type":"post","link":"https:\/\/www.sudoestehoje.com.br\/novoportal\/2021\/01\/18\/itapetinga-tem-plano-de-vacinacao-para-ser-aplicado-com-chegada-da-vacina\/","title":{"rendered":"ITAPETINGA TEM PLANO DE VACINA\u00c7\u00c3O PARA SER APLICADO COM CHEGADA DA VACINA"},"content":{"rendered":"<p><a href=\"https:\/\/www.sudoestehoje.com.br\/novoportal\/wp-content\/uploads\/2021\/01\/Itapetinga-2-1.jpg\"><img loading=\"lazy\" decoding=\"async\" class=\"aligncenter size-medium wp-image-92626\" src=\"https:\/\/www.sudoestehoje.com.br\/novoportal\/wp-content\/uploads\/2021\/01\/Itapetinga-2-1-500x281.jpg\" alt=\"\" width=\"500\" height=\"281\" srcset=\"https:\/\/www.sudoestehoje.com.br\/novoportal\/wp-content\/uploads\/2021\/01\/Itapetinga-2-1-500x281.jpg 500w, https:\/\/www.sudoestehoje.com.br\/novoportal\/wp-content\/uploads\/2021\/01\/Itapetinga-2-1.jpg 700w\" sizes=\"auto, (max-width: 500px) 100vw, 500px\" \/><\/a><\/p>\n<p>O munic\u00edpio de Itapetinga tem pronto o seu Plano de Vacina\u00e7\u00e3o para come\u00e7ar a ser aplicado assim que as vacinas as contra Covid-19 sejam liberados pelo governo.<\/p>\n<p>No primeiro momento, segundo informa\u00e7\u00f5es da prefeitura, ser\u00e3o vacinados os profissionais da \u00e1rea de sa\u00fade envolvidos diretamente com o atendimento \u00e0 Covid-19. Na sequ\u00eancia, ser\u00e3o vacinados os grupos de risco, obedecendo prioridades previstas no Plano.<\/p>\n<p>O inicio da vacina\u00e7\u00e3o depender\u00e1 da disponibilidade da vacina, cuja distribui\u00e7\u00e3o est\u00e1 a cargo da Sesab, que definir\u00e1 a quantidade de doses para cada munic\u00edpio.<\/p>\n<p><strong><em>Por Davi Ferraz<\/em><\/strong><\/p>\n","protected":false},"excerpt":{"rendered":"<p>O munic\u00edpio de Itapetinga tem pronto o seu Plano de Vacina\u00e7\u00e3o para come\u00e7ar a ser aplicado assim que as vacinas as contra Covid-19 sejam liberados pelo governo. No primeiro momento, segundo informa\u00e7\u00f5es da prefeitura, ser\u00e3o vacinados os profissionais da \u00e1rea de sa\u00fade envolvidos diretamente com o atendimento \u00e0 Covid-19. Na sequ\u00eancia, ser\u00e3o vacinados os grupos [&hellip;]<\/p>\n","protected":false},"author":2,"featured_media":92626,"comment_status":"open","ping_status":"open","sticky":false,"template":"","format":"standard","meta":{"footnotes":"","_links_to":"","_links_to_target":""},"categories":[1],"tags":[],"class_list":["post-92623","post","type-post","status-publish","format-standard","has-post-thumbnail","hentry","category-geral"],"views":1355,"_links":{"self":[{"href":"https:\/\/www.sudoestehoje.com.br\/novoportal\/wp-json\/wp\/v2\/posts\/92623","targetHints":{"allow":["GET"]}}],"collection":[{"href":"https:\/\/www.sudoestehoje.com.br\/novoportal\/wp-json\/wp\/v2\/posts"}],"about":[{"href":"https:\/\/www.sudoestehoje.com.br\/novoportal\/wp-json\/wp\/v2\/types\/post"}],"author":[{"embeddable":true,"href":"https:\/\/www.sudoestehoje.com.br\/novoportal\/wp-json\/wp\/v2\/users\/2"}],"replies":[{"embeddable":true,"href":"https:\/\/www.sudoestehoje.com.br\/novoportal\/wp-json\/wp\/v2\/comments?post=92623"}],"version-history":[{"count":4,"href":"https:\/\/www.sudoestehoje.com.br\/novoportal\/wp-json\/wp\/v2\/posts\/92623\/revisions"}],"predecessor-version":[{"id":92628,"href":"https:\/\/www.sudoestehoje.com.br\/novoportal\/wp-json\/wp\/v2\/posts\/92623\/revisions\/92628"}],"wp:featuredmedia":[{"embeddable":true,"href":"https:\/\/www.sudoestehoje.com.br\/novoportal\/wp-json\/wp\/v2\/media\/92626"}],"wp:attachment":[{"href":"https:\/\/www.sudoestehoje.com.br\/novoportal\/wp-json\/wp\/v2\/media?parent=92623"}],"wp:term":[{"taxonomy":"category","embeddable":true,"href":"https:\/\/www.sudoestehoje.com.br\/novoportal\/wp-json\/wp\/v2\/categories?post=92623"},{"taxonomy":"post_tag","embeddable":true,"href":"https:\/\/www.sudoestehoje.com.br\/novoportal\/wp-json\/wp\/v2\/tags?post=92623"}],"curies":[{"name":"wp","href":"https:\/\/api.w.org\/{rel}","templated":true}]}}