
{"id":92620,"date":"2021-01-17T18:00:48","date_gmt":"2021-01-17T21:00:48","guid":{"rendered":"https:\/\/www.sudoestehoje.com.br\/novoportal\/?p=92620"},"modified":"2021-01-17T18:46:51","modified_gmt":"2021-01-17T21:46:51","slug":"anvisa-aprova-vacinas-da-fiocruz-e-butantan-para-uso-emergencial","status":"publish","type":"post","link":"https:\/\/www.sudoestehoje.com.br\/novoportal\/2021\/01\/17\/anvisa-aprova-vacinas-da-fiocruz-e-butantan-para-uso-emergencial\/","title":{"rendered":"ANVISA APROVA VACINAS DA FIOCRUZ E BUTANTAN PARA USO EMERGENCIAL"},"content":{"rendered":"<p><a href=\"https:\/\/www.sudoestehoje.com.br\/novoportal\/wp-content\/uploads\/2021\/01\/anvisa-1.jpg\"><img loading=\"lazy\" decoding=\"async\" class=\"aligncenter size-medium wp-image-92621\" src=\"https:\/\/www.sudoestehoje.com.br\/novoportal\/wp-content\/uploads\/2021\/01\/anvisa-1-500x282.jpg\" alt=\"\" width=\"500\" height=\"282\" srcset=\"https:\/\/www.sudoestehoje.com.br\/novoportal\/wp-content\/uploads\/2021\/01\/anvisa-1-500x282.jpg 500w, https:\/\/www.sudoestehoje.com.br\/novoportal\/wp-content\/uploads\/2021\/01\/anvisa-1-700x395.jpg 700w, https:\/\/www.sudoestehoje.com.br\/novoportal\/wp-content\/uploads\/2021\/01\/anvisa-1-768x434.jpg 768w, https:\/\/www.sudoestehoje.com.br\/novoportal\/wp-content\/uploads\/2021\/01\/anvisa-1.jpg 940w\" sizes=\"auto, (max-width: 500px) 100vw, 500px\" \/><\/a><\/p>\n<p>A Diretoria Colegiada da Anvisa (Dicol) da Anvisa aprovou, em reuni\u00e3o extraordin\u00e1ria realizada neste domingo (19) , o uso emergencial de vacinas de Oxford e CoronaVac contra a Covid-19 no Brasil. A vota\u00e7\u00e3o da diretoria foi finalizada com todos os cinco votos a favor do uso das vacinas.<\/p>\n<p>Ap\u00f3s o an\u00fancio, o governador de S\u00e3o Paulo deu o seu show particular, participando da vacina\u00e7\u00e3o de uma enfermeira do Hospital Em\u00edlio Ribas, na capital paulista.<\/p>\n<p>Em seguida, o ministro da sa\u00fade anunciou que a vacina\u00e7\u00e3o nacional deve come\u00e7ar na quarta-feira (20), com a distribui\u00e7\u00e3o aos estados iniciando nesta segunda-feira (18), com o uso de avi\u00f5es da FAB.<\/p>\n<p>Reda\u00e7\u00e3o SH<\/p>\n","protected":false},"excerpt":{"rendered":"<p>A Diretoria Colegiada da Anvisa (Dicol) da Anvisa aprovou, em reuni\u00e3o extraordin\u00e1ria realizada neste domingo (19) , o uso emergencial de vacinas de Oxford e CoronaVac contra a Covid-19 no Brasil. A vota\u00e7\u00e3o da diretoria foi finalizada com todos os cinco votos a favor do uso das vacinas. Ap\u00f3s o an\u00fancio, o governador de S\u00e3o [&hellip;]<\/p>\n","protected":false},"author":2,"featured_media":92621,"comment_status":"open","ping_status":"open","sticky":false,"template":"","format":"standard","meta":{"footnotes":"","_links_to":"","_links_to_target":""},"categories":[1],"tags":[],"class_list":["post-92620","post","type-post","status-publish","format-standard","has-post-thumbnail","hentry","category-geral"],"views":952,"_links":{"self":[{"href":"https:\/\/www.sudoestehoje.com.br\/novoportal\/wp-json\/wp\/v2\/posts\/92620","targetHints":{"allow":["GET"]}}],"collection":[{"href":"https:\/\/www.sudoestehoje.com.br\/novoportal\/wp-json\/wp\/v2\/posts"}],"about":[{"href":"https:\/\/www.sudoestehoje.com.br\/novoportal\/wp-json\/wp\/v2\/types\/post"}],"author":[{"embeddable":true,"href":"https:\/\/www.sudoestehoje.com.br\/novoportal\/wp-json\/wp\/v2\/users\/2"}],"replies":[{"embeddable":true,"href":"https:\/\/www.sudoestehoje.com.br\/novoportal\/wp-json\/wp\/v2\/comments?post=92620"}],"version-history":[{"count":1,"href":"https:\/\/www.sudoestehoje.com.br\/novoportal\/wp-json\/wp\/v2\/posts\/92620\/revisions"}],"predecessor-version":[{"id":92622,"href":"https:\/\/www.sudoestehoje.com.br\/novoportal\/wp-json\/wp\/v2\/posts\/92620\/revisions\/92622"}],"wp:featuredmedia":[{"embeddable":true,"href":"https:\/\/www.sudoestehoje.com.br\/novoportal\/wp-json\/wp\/v2\/media\/92621"}],"wp:attachment":[{"href":"https:\/\/www.sudoestehoje.com.br\/novoportal\/wp-json\/wp\/v2\/media?parent=92620"}],"wp:term":[{"taxonomy":"category","embeddable":true,"href":"https:\/\/www.sudoestehoje.com.br\/novoportal\/wp-json\/wp\/v2\/categories?post=92620"},{"taxonomy":"post_tag","embeddable":true,"href":"https:\/\/www.sudoestehoje.com.br\/novoportal\/wp-json\/wp\/v2\/tags?post=92620"}],"curies":[{"name":"wp","href":"https:\/\/api.w.org\/{rel}","templated":true}]}}