
{"id":92616,"date":"2021-01-17T18:22:50","date_gmt":"2021-01-17T21:22:50","guid":{"rendered":"https:\/\/www.sudoestehoje.com.br\/novoportal\/?p=92616"},"modified":"2021-01-17T18:24:37","modified_gmt":"2021-01-17T21:24:37","slug":"apos-aprovacao-pela-anvisa-governo-diz-que-vacinacao-deve-comecar-na-quarta","status":"publish","type":"post","link":"https:\/\/www.sudoestehoje.com.br\/novoportal\/2021\/01\/17\/apos-aprovacao-pela-anvisa-governo-diz-que-vacinacao-deve-comecar-na-quarta\/","title":{"rendered":"AP\u00d3S APROVA\u00c7\u00c3O PELA ANVISA, GOVERNO DIZ QUE VACINA\u00c7\u00c3O DEVE COME\u00c7AR NA QUARTA"},"content":{"rendered":"<div class=\"mc-column content-text active-extra-styles \" data-block-type=\"unstyled\" data-block-weight=\"55\" data-block-id=\"2\">\n<p data-track-category=\"Link no Texto\" data-track-links=\"\"><a href=\"https:\/\/www.sudoestehoje.com.br\/novoportal\/wp-content\/uploads\/2021\/01\/vacina-de-Covid-Pinterest-scaled.jpg\"><img loading=\"lazy\" decoding=\"async\" class=\"aligncenter size-medium wp-image-92617\" src=\"https:\/\/www.sudoestehoje.com.br\/novoportal\/wp-content\/uploads\/2021\/01\/vacina-de-Covid-Pinterest-500x333.jpg\" alt=\"\" width=\"500\" height=\"333\" srcset=\"https:\/\/www.sudoestehoje.com.br\/novoportal\/wp-content\/uploads\/2021\/01\/vacina-de-Covid-Pinterest-500x333.jpg 500w, https:\/\/www.sudoestehoje.com.br\/novoportal\/wp-content\/uploads\/2021\/01\/vacina-de-Covid-Pinterest-700x467.jpg 700w, https:\/\/www.sudoestehoje.com.br\/novoportal\/wp-content\/uploads\/2021\/01\/vacina-de-Covid-Pinterest-768x512.jpg 768w, https:\/\/www.sudoestehoje.com.br\/novoportal\/wp-content\/uploads\/2021\/01\/vacina-de-Covid-Pinterest-1536x1024.jpg 1536w, https:\/\/www.sudoestehoje.com.br\/novoportal\/wp-content\/uploads\/2021\/01\/vacina-de-Covid-Pinterest-2048x1365.jpg 2048w\" sizes=\"auto, (max-width: 500px) 100vw, 500px\" \/><\/a><\/p>\n<p class=\"content-text__container \" data-track-category=\"Link no Texto\" data-track-links=\"\">O ministro da Sa\u00fade, Eduardo Pazuello, disse neste domingo (17) em entrevista coletiva no Instituto de Traumatologia e Ortopedia (Into) no Rio de Janeiro que o governo federal come\u00e7a nesta segunda, \u00e0s 7h, a distribui\u00e7\u00e3o de vacinas contra a Covid-19 para todos os estados. Ele tamb\u00e9m previu o in\u00edcio da campanha para quarta-feira (20), \u00e0s 10h.<\/p>\n<\/div>\n<div class=\"wall protected-content\">\n<div class=\"mc-column content-text active-extra-styles \" data-block-type=\"unstyled\" data-block-weight=\"17\" data-block-id=\"3\">\n<p class=\"content-text__container \" data-track-category=\"Link no Texto\" data-track-links=\"\">A distribui\u00e7\u00e3o, segundo o ministro, ser\u00e1 feita pela FAB a &#8220;pontos focais&#8221; definidos por cada estado.<\/p>\n<\/div>\n<div class=\"mc-column content-text active-extra-styles \" data-block-type=\"unstyled\" data-block-weight=\"30\" data-block-id=\"4\">\n<p class=\"content-text__container \" data-track-category=\"Link no Texto\" data-track-links=\"\">&#8220;Est\u00e1 dado o primeiro passo para o in\u00edcio da maior campanha de vacina\u00e7\u00e3o do mundo contra o coronav\u00edrus&#8221;, afirmou, referindo-se \u00e0\u00a0<a href=\"https:\/\/g1.globo.com\/bemestar\/vacina\/noticia\/2021\/01\/17\/relatora-na-anvisa-vota-a-favor-do-uso-emergencial-das-vacinas-coronovac-e-de-oxford.ghtml\">aprova\u00e7\u00e3o da Coronavac e a de Oxford\/AstraZeneca pela Anvisa.<\/a><\/p>\n<\/div>\n<\/div>\n","protected":false},"excerpt":{"rendered":"<p>O ministro da Sa\u00fade, Eduardo Pazuello, disse neste domingo (17) em entrevista coletiva no Instituto de Traumatologia e Ortopedia (Into) no Rio de Janeiro que o governo federal come\u00e7a nesta segunda, \u00e0s 7h, a distribui\u00e7\u00e3o de vacinas contra a Covid-19 para todos os estados. Ele tamb\u00e9m previu o in\u00edcio da campanha para quarta-feira (20), \u00e0s [&hellip;]<\/p>\n","protected":false},"author":2,"featured_media":92617,"comment_status":"open","ping_status":"open","sticky":false,"template":"","format":"standard","meta":{"footnotes":"","_links_to":"","_links_to_target":""},"categories":[1],"tags":[],"class_list":["post-92616","post","type-post","status-publish","format-standard","has-post-thumbnail","hentry","category-geral"],"views":916,"_links":{"self":[{"href":"https:\/\/www.sudoestehoje.com.br\/novoportal\/wp-json\/wp\/v2\/posts\/92616","targetHints":{"allow":["GET"]}}],"collection":[{"href":"https:\/\/www.sudoestehoje.com.br\/novoportal\/wp-json\/wp\/v2\/posts"}],"about":[{"href":"https:\/\/www.sudoestehoje.com.br\/novoportal\/wp-json\/wp\/v2\/types\/post"}],"author":[{"embeddable":true,"href":"https:\/\/www.sudoestehoje.com.br\/novoportal\/wp-json\/wp\/v2\/users\/2"}],"replies":[{"embeddable":true,"href":"https:\/\/www.sudoestehoje.com.br\/novoportal\/wp-json\/wp\/v2\/comments?post=92616"}],"version-history":[{"count":2,"href":"https:\/\/www.sudoestehoje.com.br\/novoportal\/wp-json\/wp\/v2\/posts\/92616\/revisions"}],"predecessor-version":[{"id":92619,"href":"https:\/\/www.sudoestehoje.com.br\/novoportal\/wp-json\/wp\/v2\/posts\/92616\/revisions\/92619"}],"wp:featuredmedia":[{"embeddable":true,"href":"https:\/\/www.sudoestehoje.com.br\/novoportal\/wp-json\/wp\/v2\/media\/92617"}],"wp:attachment":[{"href":"https:\/\/www.sudoestehoje.com.br\/novoportal\/wp-json\/wp\/v2\/media?parent=92616"}],"wp:term":[{"taxonomy":"category","embeddable":true,"href":"https:\/\/www.sudoestehoje.com.br\/novoportal\/wp-json\/wp\/v2\/categories?post=92616"},{"taxonomy":"post_tag","embeddable":true,"href":"https:\/\/www.sudoestehoje.com.br\/novoportal\/wp-json\/wp\/v2\/tags?post=92616"}],"curies":[{"name":"wp","href":"https:\/\/api.w.org\/{rel}","templated":true}]}}