
{"id":92613,"date":"2021-01-16T22:47:33","date_gmt":"2021-01-17T01:47:33","guid":{"rendered":"https:\/\/www.sudoestehoje.com.br\/novoportal\/?p=92613"},"modified":"2021-01-16T22:50:36","modified_gmt":"2021-01-17T01:50:36","slug":"medico-itapetinguense-foi-destaque-no-jornal-nacional-nesta-sexta-feira-2","status":"publish","type":"post","link":"https:\/\/www.sudoestehoje.com.br\/novoportal\/2021\/01\/16\/medico-itapetinguense-foi-destaque-no-jornal-nacional-nesta-sexta-feira-2\/","title":{"rendered":"M\u00c9DICO ITAPETINGUENSE FOI DESTAQUE NO JORNAL NACIONAL NESTA SEXTA-FEIRA"},"content":{"rendered":"<p><a href=\"https:\/\/www.sudoestehoje.com.br\/novoportal\/wp-content\/uploads\/2021\/01\/LEONARDO-2.jpeg\"><img loading=\"lazy\" decoding=\"async\" class=\"aligncenter size-medium wp-image-92614\" src=\"https:\/\/www.sudoestehoje.com.br\/novoportal\/wp-content\/uploads\/2021\/01\/LEONARDO-2-500x277.jpeg\" alt=\"\" width=\"500\" height=\"277\" srcset=\"https:\/\/www.sudoestehoje.com.br\/novoportal\/wp-content\/uploads\/2021\/01\/LEONARDO-2-500x277.jpeg 500w, https:\/\/www.sudoestehoje.com.br\/novoportal\/wp-content\/uploads\/2021\/01\/LEONARDO-2-700x387.jpeg 700w, https:\/\/www.sudoestehoje.com.br\/novoportal\/wp-content\/uploads\/2021\/01\/LEONARDO-2-768x425.jpeg 768w, https:\/\/www.sudoestehoje.com.br\/novoportal\/wp-content\/uploads\/2021\/01\/LEONARDO-2.jpeg 1280w\" sizes=\"auto, (max-width: 500px) 100vw, 500px\" \/><\/a><\/p>\n<p>O m\u00e9dico itapetinguense Dr. Leonardo Ferraz, diretor do Hospital Albert Einstain, em S\u00e3o Paulo, foi um dos entrevistados do Jornal Nacional, da Rede Globo, nesta sexta-feira (15), durante reportagem sobre a crise do oxig\u00eanio hospitalar no Amazonas, que dominou o notici\u00e1rio em todo o Brasil.<\/p>\n<p>Dr. Leonardo Rolim Ferraz \u00e9 filho do casal Joaquim Ferraz da Silva (<em>in memoria<\/em>) e de Dayse Rolim, e tem se destacado profissionalmente como um dos principais m\u00e9dicos do Brasil, chegando a fazer parte do Comit\u00ea de Preven\u00e7\u00e3o e Combate ao Coronav\u00edrus da Cidade de S\u00e3o Paulo.\u00a0<em>Confira v\u00eddeo da reportagem:<\/em><\/p>\n<div style=\"width: 640px;\" class=\"wp-video\"><!--[if lt IE 9]><script>document.createElement('video');<\/script><![endif]-->\n<video class=\"wp-video-shortcode\" id=\"video-92613-1\" width=\"640\" height=\"360\" preload=\"metadata\" controls=\"controls\"><source type=\"video\/mp4\" src=\"https:\/\/www.sudoestehoje.com.br\/novoportal\/wp-content\/uploads\/2021\/01\/LEONARDO-JN.mp4?_=1\" \/><a href=\"https:\/\/www.sudoestehoje.com.br\/novoportal\/wp-content\/uploads\/2021\/01\/LEONARDO-JN.mp4\">https:\/\/www.sudoestehoje.com.br\/novoportal\/wp-content\/uploads\/2021\/01\/LEONARDO-JN.mp4<\/a><\/video><\/div>\n","protected":false},"excerpt":{"rendered":"<p>O m\u00e9dico itapetinguense Dr. Leonardo Ferraz, diretor do Hospital Albert Einstain, em S\u00e3o Paulo, foi um dos entrevistados do Jornal Nacional, da Rede Globo, nesta sexta-feira (15), durante reportagem sobre a crise do oxig\u00eanio hospitalar no Amazonas, que dominou o notici\u00e1rio em todo o Brasil. Dr. Leonardo Rolim Ferraz \u00e9 filho do casal Joaquim Ferraz [&hellip;]<\/p>\n","protected":false},"author":2,"featured_media":92614,"comment_status":"open","ping_status":"open","sticky":false,"template":"","format":"standard","meta":{"footnotes":"","_links_to":"","_links_to_target":""},"categories":[1],"tags":[],"class_list":["post-92613","post","type-post","status-publish","format-standard","has-post-thumbnail","hentry","category-geral"],"views":2810,"_links":{"self":[{"href":"https:\/\/www.sudoestehoje.com.br\/novoportal\/wp-json\/wp\/v2\/posts\/92613","targetHints":{"allow":["GET"]}}],"collection":[{"href":"https:\/\/www.sudoestehoje.com.br\/novoportal\/wp-json\/wp\/v2\/posts"}],"about":[{"href":"https:\/\/www.sudoestehoje.com.br\/novoportal\/wp-json\/wp\/v2\/types\/post"}],"author":[{"embeddable":true,"href":"https:\/\/www.sudoestehoje.com.br\/novoportal\/wp-json\/wp\/v2\/users\/2"}],"replies":[{"embeddable":true,"href":"https:\/\/www.sudoestehoje.com.br\/novoportal\/wp-json\/wp\/v2\/comments?post=92613"}],"version-history":[{"count":1,"href":"https:\/\/www.sudoestehoje.com.br\/novoportal\/wp-json\/wp\/v2\/posts\/92613\/revisions"}],"predecessor-version":[{"id":92615,"href":"https:\/\/www.sudoestehoje.com.br\/novoportal\/wp-json\/wp\/v2\/posts\/92613\/revisions\/92615"}],"wp:featuredmedia":[{"embeddable":true,"href":"https:\/\/www.sudoestehoje.com.br\/novoportal\/wp-json\/wp\/v2\/media\/92614"}],"wp:attachment":[{"href":"https:\/\/www.sudoestehoje.com.br\/novoportal\/wp-json\/wp\/v2\/media?parent=92613"}],"wp:term":[{"taxonomy":"category","embeddable":true,"href":"https:\/\/www.sudoestehoje.com.br\/novoportal\/wp-json\/wp\/v2\/categories?post=92613"},{"taxonomy":"post_tag","embeddable":true,"href":"https:\/\/www.sudoestehoje.com.br\/novoportal\/wp-json\/wp\/v2\/tags?post=92613"}],"curies":[{"name":"wp","href":"https:\/\/api.w.org\/{rel}","templated":true}]}}