
{"id":92597,"date":"2021-01-16T20:34:40","date_gmt":"2021-01-16T23:34:40","guid":{"rendered":"https:\/\/www.sudoestehoje.com.br\/novoportal\/?p=92597"},"modified":"2021-01-16T20:34:40","modified_gmt":"2021-01-16T23:34:40","slug":"coronavirus-explode-na-bahia-com-5-832-casos-em-24-horas-reflexo-das-festas-de-final-de-ano-diz-governo","status":"publish","type":"post","link":"https:\/\/www.sudoestehoje.com.br\/novoportal\/2021\/01\/16\/coronavirus-explode-na-bahia-com-5-832-casos-em-24-horas-reflexo-das-festas-de-final-de-ano-diz-governo\/","title":{"rendered":"CORONAV\u00cdRUS EXPLODE NA BAHIA COM 5.832 CASOS EM 24 HORAS; &#8220;REFLEXO DAS FESTAS DE FINAL DE ANO&#8221;, DIZ GOVERNO"},"content":{"rendered":"<div class=\"mc-column content-text active-extra-styles \" data-block-type=\"unstyled\" data-block-weight=\"38\" data-block-id=\"2\">\n<p data-track-category=\"Link no Texto\" data-track-links=\"\"><a href=\"https:\/\/www.sudoestehoje.com.br\/novoportal\/wp-content\/uploads\/2021\/01\/CORONAFEST.jpg\"><img loading=\"lazy\" decoding=\"async\" class=\"aligncenter size-medium wp-image-92599\" src=\"https:\/\/www.sudoestehoje.com.br\/novoportal\/wp-content\/uploads\/2021\/01\/CORONAFEST-500x296.jpg\" alt=\"\" width=\"500\" height=\"296\" srcset=\"https:\/\/www.sudoestehoje.com.br\/novoportal\/wp-content\/uploads\/2021\/01\/CORONAFEST-500x296.jpg 500w, https:\/\/www.sudoestehoje.com.br\/novoportal\/wp-content\/uploads\/2021\/01\/CORONAFEST-700x414.jpg 700w, https:\/\/www.sudoestehoje.com.br\/novoportal\/wp-content\/uploads\/2021\/01\/CORONAFEST-768x454.jpg 768w, https:\/\/www.sudoestehoje.com.br\/novoportal\/wp-content\/uploads\/2021\/01\/CORONAFEST.jpg 845w\" sizes=\"auto, (max-width: 500px) 100vw, 500px\" \/><\/a><\/p>\n<p class=\"content-text__container \" data-track-category=\"Link no Texto\" data-track-links=\"\">A Bahia registrou 5.832 novos casos de Covid-19 nas \u00faltimas 24 horas, segundo maior n\u00famero desde o in\u00edcio da pandemia, de acordo com as informa\u00e7\u00f5es divulgadas pela Secretaria da Sa\u00fade do Estado (Sesab) na tarde deste s\u00e1bado (16).<\/p>\n<\/div>\n<div class=\"wall protected-content\">\n<div class=\"mc-column content-text active-extra-styles \" data-block-type=\"unstyled\" data-block-weight=\"39\" data-block-id=\"3\">\n<p class=\"content-text__container \" data-track-category=\"Link no Texto\" data-track-links=\"\">De acordo com a Sesab, o n\u00famero \u00e9 reflexo das festas e aglomera\u00e7\u00f5es ocorridas no final do ano e da retomada das notifica\u00e7\u00f5es por parte de alguns munic\u00edpios que tiveram as equipes de vigil\u00e2ncia reestruturadas devido \u00e0s novas gest\u00f5es.<\/p>\n<\/div>\n<div class=\"mc-column content-text active-extra-styles \" data-block-type=\"unstyled\" data-block-weight=\"49\" data-block-id=\"4\">\n<p class=\"content-text__container \" data-track-category=\"Link no Texto\" data-track-links=\"\">O recorde do n\u00famero de casos, dentro de 24 horas, ocorreu em\u00a0<a href=\"https:\/\/g1.globo.com\/ba\/bahia\/noticia\/2020\/07\/22\/bahia-registra-6401-novos-casos-de-covid-19-e-52-mortes-sesab-aponta-alto-numero-de-casos-a-falha-em-sistema-do-ministerio-da-saude.ghtml\">22 de julho, quando foram contabilizados 6.401 casos<\/a>. Na sexta-feira (15), o estado havia registrado o segundo maior n\u00famero de casos da pandemia, 5.471, mas esse total foi superado neste s\u00e1bado e passou a ser o terceiro.<\/p>\n<\/div>\n<div class=\"mc-column content-text active-extra-styles \" data-block-type=\"unstyled\" data-block-weight=\"47\" data-block-id=\"5\">\n<p class=\"content-text__container \" data-track-category=\"Link no Texto\" data-track-links=\"\">Segundo dados do boletim, 31 mortes foram registradas em datas diversas.\u00a0<span class=\"highlight highlighted\">O estado contabiliza 534.371 pessoas contaminadas pela doen\u00e7a e 9.606 mortes desde o in\u00edcio da pandemia<\/span>, o que representa uma letalidade de 1,80%. Do total de casos, 512.176 j\u00e1 s\u00e3o considerados recuperados e 12.589 encontram-se ativos.<\/p>\n<\/div>\n<div class=\"mc-column content-text active-extra-styles \" data-block-type=\"unstyled\" data-block-weight=\"55\" data-block-id=\"6\">\n<p class=\"content-text__container \" data-track-category=\"Link no Texto\" data-track-links=\"\">Nesta sexta, o g<a href=\"https:\/\/g1.globo.com\/ba\/bahia\/noticia\/2021\/01\/15\/governo-da-bahia-divulga-plano-de-imunizacao-com-4-etapas-e-diz-que-esta-preparado-para-vacinar-mais-de-5-milhoes-de-pessoas-ate-maio.ghtml\">overno divulgou o plano de imuniza\u00e7\u00e3o estadual<\/a>, que ser\u00e1 dividido em quatro etapas, e disse que est\u00e1 preparado para vacinar 5,08 milh\u00f5es de pessoas at\u00e9 maio. Cada fase da campanha de vacina\u00e7\u00e3o ter\u00e1 a dura\u00e7\u00e3o de um m\u00eas. A\u00a0<a href=\"https:\/\/g1.globo.com\/ba\/bahia\/noticia\/2021\/01\/14\/prefeito-de-salvador-anuncia-inicio-da-vacinacao-da-covid-19-para-10h-de-20-de-janeiro.ghtml\">previs\u00e3o \u00e9 de que a vacina\u00e7\u00e3o comece na manh\u00e3 da pr\u00f3xima quarta-feira (20)<\/a>.<\/p>\n<\/div>\n<\/div>\n","protected":false},"excerpt":{"rendered":"<p>A Bahia registrou 5.832 novos casos de Covid-19 nas \u00faltimas 24 horas, segundo maior n\u00famero desde o in\u00edcio da pandemia, de acordo com as informa\u00e7\u00f5es divulgadas pela Secretaria da Sa\u00fade do Estado (Sesab) na tarde deste s\u00e1bado (16). De acordo com a Sesab, o n\u00famero \u00e9 reflexo das festas e aglomera\u00e7\u00f5es ocorridas no final do [&hellip;]<\/p>\n","protected":false},"author":2,"featured_media":92599,"comment_status":"open","ping_status":"open","sticky":false,"template":"","format":"standard","meta":{"footnotes":"","_links_to":"","_links_to_target":""},"categories":[1],"tags":[],"class_list":["post-92597","post","type-post","status-publish","format-standard","has-post-thumbnail","hentry","category-geral"],"views":1298,"_links":{"self":[{"href":"https:\/\/www.sudoestehoje.com.br\/novoportal\/wp-json\/wp\/v2\/posts\/92597","targetHints":{"allow":["GET"]}}],"collection":[{"href":"https:\/\/www.sudoestehoje.com.br\/novoportal\/wp-json\/wp\/v2\/posts"}],"about":[{"href":"https:\/\/www.sudoestehoje.com.br\/novoportal\/wp-json\/wp\/v2\/types\/post"}],"author":[{"embeddable":true,"href":"https:\/\/www.sudoestehoje.com.br\/novoportal\/wp-json\/wp\/v2\/users\/2"}],"replies":[{"embeddable":true,"href":"https:\/\/www.sudoestehoje.com.br\/novoportal\/wp-json\/wp\/v2\/comments?post=92597"}],"version-history":[{"count":3,"href":"https:\/\/www.sudoestehoje.com.br\/novoportal\/wp-json\/wp\/v2\/posts\/92597\/revisions"}],"predecessor-version":[{"id":92601,"href":"https:\/\/www.sudoestehoje.com.br\/novoportal\/wp-json\/wp\/v2\/posts\/92597\/revisions\/92601"}],"wp:featuredmedia":[{"embeddable":true,"href":"https:\/\/www.sudoestehoje.com.br\/novoportal\/wp-json\/wp\/v2\/media\/92599"}],"wp:attachment":[{"href":"https:\/\/www.sudoestehoje.com.br\/novoportal\/wp-json\/wp\/v2\/media?parent=92597"}],"wp:term":[{"taxonomy":"category","embeddable":true,"href":"https:\/\/www.sudoestehoje.com.br\/novoportal\/wp-json\/wp\/v2\/categories?post=92597"},{"taxonomy":"post_tag","embeddable":true,"href":"https:\/\/www.sudoestehoje.com.br\/novoportal\/wp-json\/wp\/v2\/tags?post=92597"}],"curies":[{"name":"wp","href":"https:\/\/api.w.org\/{rel}","templated":true}]}}