
{"id":92593,"date":"2021-01-16T19:09:30","date_gmt":"2021-01-16T22:09:30","guid":{"rendered":"https:\/\/www.sudoestehoje.com.br\/novoportal\/?p=92593"},"modified":"2021-01-16T19:09:30","modified_gmt":"2021-01-16T22:09:30","slug":"butantan-vai-cancelar-acordo-com-mais-de-180-cidades-para-fornecer-coronavac","status":"publish","type":"post","link":"https:\/\/www.sudoestehoje.com.br\/novoportal\/2021\/01\/16\/butantan-vai-cancelar-acordo-com-mais-de-180-cidades-para-fornecer-coronavac\/","title":{"rendered":"BUTANTAN VAI CANCELAR ACORDO COM MAIS DE 180 CIDADES PARA FORNECER CORONAVAC"},"content":{"rendered":"<p><a href=\"https:\/\/www.sudoestehoje.com.br\/novoportal\/wp-content\/uploads\/2021\/01\/BUTANTAN-CANCELA.jpg\"><img loading=\"lazy\" decoding=\"async\" class=\"aligncenter size-medium wp-image-92594\" src=\"https:\/\/www.sudoestehoje.com.br\/novoportal\/wp-content\/uploads\/2021\/01\/BUTANTAN-CANCELA-500x281.jpg\" alt=\"\" width=\"500\" height=\"281\" srcset=\"https:\/\/www.sudoestehoje.com.br\/novoportal\/wp-content\/uploads\/2021\/01\/BUTANTAN-CANCELA-500x281.jpg 500w, https:\/\/www.sudoestehoje.com.br\/novoportal\/wp-content\/uploads\/2021\/01\/BUTANTAN-CANCELA-700x394.jpg 700w, https:\/\/www.sudoestehoje.com.br\/novoportal\/wp-content\/uploads\/2021\/01\/BUTANTAN-CANCELA-768x432.jpg 768w, https:\/\/www.sudoestehoje.com.br\/novoportal\/wp-content\/uploads\/2021\/01\/BUTANTAN-CANCELA.jpg 1280w\" sizes=\"auto, (max-width: 500px) 100vw, 500px\" \/><\/a><\/p>\n<p>O Instituto Butantan deve comunicar na pr\u00f3xima segunda-feira (18) que todos os acordos com cidades est\u00e3o cancelados. Segundo o presidente do instituto, Dimas Covas, todas as doses da Coronavac ser\u00e3o entregues ao Minist\u00e9rio da Sa\u00fade assim que a Anvisa aprovar o uso emergencial ou o registro da vacina.<\/p>\n<p>Segundo noticiou a CNN, a ag\u00eancia discute neste domingo (17) o pedido para que as 6 milh\u00f5es de doses j\u00e1 prontas do imunizante sejam autorizadas para o uso de grupos espec\u00edficos no pa\u00eds.<\/p>\n<p>Cerca de 184 munic\u00edpios estavam interessado em adquirir diretamente a Coronavac, dentre eles Curitiba, Belo Horizonte e o Rio de Janeiro. Na Bahia, cidades como Amargosa, Itaberaba, Vera Cruz e Mutu\u00edpe anunciaram a assinatura de acordos junto ao instituto paulista. Estas doses agora ser\u00e3o distribu\u00eddas por meio do Programa Nacional de Imuniza\u00e7\u00f5es (PNI).<\/p>\n<p><em>&#8220;O crit\u00e9rio \u00e9 populacional. Todos os estados v\u00e3o receber da mesma maneira. O acordo com os munic\u00edpios era para o caso de o Minist\u00e9rio se recusar a comprar a vacina, mas como firmamos a parceria isso n\u00e3o vai acontecer&#8221;<\/em>, disse Dimas Covas.<\/p>\n","protected":false},"excerpt":{"rendered":"<p>O Instituto Butantan deve comunicar na pr\u00f3xima segunda-feira (18) que todos os acordos com cidades est\u00e3o cancelados. Segundo o presidente do instituto, Dimas Covas, todas as doses da Coronavac ser\u00e3o entregues ao Minist\u00e9rio da Sa\u00fade assim que a Anvisa aprovar o uso emergencial ou o registro da vacina. Segundo noticiou a CNN, a ag\u00eancia discute [&hellip;]<\/p>\n","protected":false},"author":2,"featured_media":92594,"comment_status":"open","ping_status":"open","sticky":false,"template":"","format":"standard","meta":{"footnotes":"","_links_to":"","_links_to_target":""},"categories":[1],"tags":[],"class_list":["post-92593","post","type-post","status-publish","format-standard","has-post-thumbnail","hentry","category-geral"],"views":1042,"_links":{"self":[{"href":"https:\/\/www.sudoestehoje.com.br\/novoportal\/wp-json\/wp\/v2\/posts\/92593","targetHints":{"allow":["GET"]}}],"collection":[{"href":"https:\/\/www.sudoestehoje.com.br\/novoportal\/wp-json\/wp\/v2\/posts"}],"about":[{"href":"https:\/\/www.sudoestehoje.com.br\/novoportal\/wp-json\/wp\/v2\/types\/post"}],"author":[{"embeddable":true,"href":"https:\/\/www.sudoestehoje.com.br\/novoportal\/wp-json\/wp\/v2\/users\/2"}],"replies":[{"embeddable":true,"href":"https:\/\/www.sudoestehoje.com.br\/novoportal\/wp-json\/wp\/v2\/comments?post=92593"}],"version-history":[{"count":2,"href":"https:\/\/www.sudoestehoje.com.br\/novoportal\/wp-json\/wp\/v2\/posts\/92593\/revisions"}],"predecessor-version":[{"id":92596,"href":"https:\/\/www.sudoestehoje.com.br\/novoportal\/wp-json\/wp\/v2\/posts\/92593\/revisions\/92596"}],"wp:featuredmedia":[{"embeddable":true,"href":"https:\/\/www.sudoestehoje.com.br\/novoportal\/wp-json\/wp\/v2\/media\/92594"}],"wp:attachment":[{"href":"https:\/\/www.sudoestehoje.com.br\/novoportal\/wp-json\/wp\/v2\/media?parent=92593"}],"wp:term":[{"taxonomy":"category","embeddable":true,"href":"https:\/\/www.sudoestehoje.com.br\/novoportal\/wp-json\/wp\/v2\/categories?post=92593"},{"taxonomy":"post_tag","embeddable":true,"href":"https:\/\/www.sudoestehoje.com.br\/novoportal\/wp-json\/wp\/v2\/tags?post=92593"}],"curies":[{"name":"wp","href":"https:\/\/api.w.org\/{rel}","templated":true}]}}