
{"id":92572,"date":"2021-01-15T22:36:41","date_gmt":"2021-01-16T01:36:41","guid":{"rendered":"https:\/\/www.sudoestehoje.com.br\/novoportal\/?p=92572"},"modified":"2021-01-15T22:36:41","modified_gmt":"2021-01-16T01:36:41","slug":"bahia-registra-5-471-casos-de-covid-19-em-24-horas-amazonas-registra-3-151-casos-no-mesmo-periodo","status":"publish","type":"post","link":"https:\/\/www.sudoestehoje.com.br\/novoportal\/2021\/01\/15\/bahia-registra-5-471-casos-de-covid-19-em-24-horas-amazonas-registra-3-151-casos-no-mesmo-periodo\/","title":{"rendered":"BAHIA REGISTRA 5.471 CASOS DE COVID-19 EM 24 HORAS; AMAZONAS REGISTRA 3.151 CASOS NO MESMO PER\u00cdODO"},"content":{"rendered":"<div class=\"mc-column content-text active-extra-styles \" data-block-type=\"unstyled\" data-block-weight=\"38\" data-block-id=\"2\">\n<p data-track-category=\"Link no Texto\" data-track-links=\"\"><a href=\"https:\/\/www.sudoestehoje.com.br\/novoportal\/wp-content\/uploads\/2021\/01\/MORTES-COVID.jpg\"><img loading=\"lazy\" decoding=\"async\" class=\"aligncenter size-medium wp-image-92576\" src=\"https:\/\/www.sudoestehoje.com.br\/novoportal\/wp-content\/uploads\/2021\/01\/MORTES-COVID-500x321.jpg\" alt=\"\" width=\"500\" height=\"321\" srcset=\"https:\/\/www.sudoestehoje.com.br\/novoportal\/wp-content\/uploads\/2021\/01\/MORTES-COVID-500x321.jpg 500w, https:\/\/www.sudoestehoje.com.br\/novoportal\/wp-content\/uploads\/2021\/01\/MORTES-COVID.jpg 700w\" sizes=\"auto, (max-width: 500px) 100vw, 500px\" \/><\/a><\/p>\n<p data-track-category=\"Link no Texto\" data-track-links=\"\">\n<p data-track-category=\"Link no Texto\" data-track-links=\"\">A Bahia registrou\u00a0<span class=\"highlight highlighted\">5.471 novos casos de Covid-19\u00a0<\/span>nas \u00faltimas 24 horas, segundo maior n\u00famero desde o in\u00edcio da pandemia, de acordo com as informa\u00e7\u00f5es divulgadas pela Secretaria da Sa\u00fade do Estado (Sesab) na tarde desta sexta-feira (15).<\/p>\n<p data-track-category=\"Link no Texto\" data-track-links=\"\">No maior estado do Brasil, o Amazonas, onde o caos se instalou pela falta de leitos de UTI e oxig\u00eanio, foram registrados 3.151 casos, no mesmo per\u00edodo, cerca de 2.300 casos a menos que na Bahia.<\/p>\n<div class=\"mc-column content-text active-extra-styles active-capital-letter\" data-block-type=\"unstyled\" data-block-weight=\"30\" data-block-id=\"1\">\n<p class=\"content-text__container theme-color-primary-first-letter\" data-track-category=\"Link no Texto\" data-track-links=\"\">O\u00a0Amazonas registrou 82 mortes por complica\u00e7\u00f5es da Covid-19 nas \u00faltimas 24 horas. Com outras 31 mortes confirmadas ap\u00f3s investiga\u00e7\u00e3o, o\u00a0<span class=\"highlight highlighted\">total de vidas perdidas no estado chegou a 6.043.<\/span><\/p>\n<\/div>\n<div class=\"wall protected-content\">\n<div class=\"mc-column content-text active-extra-styles \" data-block-type=\"unstyled\" data-block-weight=\"31\" data-block-id=\"2\">\n<p class=\"content-text__container \" data-track-category=\"Link no Texto\" data-track-links=\"\">Os dados constam no boletim epidemiol\u00f3gico desta sexta (15), da Funda\u00e7\u00e3o de Vigil\u00e2ncia em Sa\u00fade (FVS-AM). Tamb\u00e9m foram registrados 3.151 novos casos de Covid, totalizando 226.511 infectados em todo o estado.<\/p>\n<\/div>\n<\/div>\n<\/div>\n<div class=\"wall protected-content\">\n<div class=\"mc-column content-text active-extra-styles \" data-block-type=\"unstyled\" data-block-weight=\"59\" data-block-id=\"3\">\n<p class=\"content-text__container \" data-track-category=\"Link no Texto\" data-track-links=\"\">Na Bahia, de acordo com a Sesab, o n\u00famero \u00e9 reflexo das festas e aglomera\u00e7\u00f5es ocorridas no final do ano e da retomada das notifica\u00e7\u00f5es por parte de alguns munic\u00edpios que tiveram as equipes de vigil\u00e2ncia reestruturadas devido \u00e0s novas gest\u00f5es. <span class=\"highlight highlighted\">O recorde do n\u00famero de casos, dentro de 24 horas, ocorreu em 22 de julho, quando foram contabilizados 6.401 casos<\/span>.<\/p>\n<\/div>\n<div class=\"mc-column content-text active-extra-styles \" data-block-type=\"unstyled\" data-block-weight=\"47\" data-block-id=\"4\">\n<p class=\"content-text__container \" data-track-category=\"Link no Texto\" data-track-links=\"\">Segundo dados do boletim, 32 mortes foram registradas em datas diversas.\u00a0<span class=\"highlight highlighted\">O estado contabiliza 528.539 pessoas atingidas pela doen\u00e7a e 9.575 mortes desde o in\u00edcio da pandemia<\/span>, o que representa uma letalidade de 1,82%. Do total de casos, 508.689 j\u00e1 s\u00e3o considerados recuperados e 10.775 encontram-se ativos.<\/p>\n<\/div>\n<\/div>\n","protected":false},"excerpt":{"rendered":"<p>A Bahia registrou\u00a05.471 novos casos de Covid-19\u00a0nas \u00faltimas 24 horas, segundo maior n\u00famero desde o in\u00edcio da pandemia, de acordo com as informa\u00e7\u00f5es divulgadas pela Secretaria da Sa\u00fade do Estado (Sesab) na tarde desta sexta-feira (15). No maior estado do Brasil, o Amazonas, onde o caos se instalou pela falta de leitos de UTI e [&hellip;]<\/p>\n","protected":false},"author":2,"featured_media":92576,"comment_status":"open","ping_status":"open","sticky":false,"template":"","format":"standard","meta":{"footnotes":"","_links_to":"","_links_to_target":""},"categories":[1],"tags":[],"class_list":["post-92572","post","type-post","status-publish","format-standard","has-post-thumbnail","hentry","category-geral"],"views":1024,"_links":{"self":[{"href":"https:\/\/www.sudoestehoje.com.br\/novoportal\/wp-json\/wp\/v2\/posts\/92572","targetHints":{"allow":["GET"]}}],"collection":[{"href":"https:\/\/www.sudoestehoje.com.br\/novoportal\/wp-json\/wp\/v2\/posts"}],"about":[{"href":"https:\/\/www.sudoestehoje.com.br\/novoportal\/wp-json\/wp\/v2\/types\/post"}],"author":[{"embeddable":true,"href":"https:\/\/www.sudoestehoje.com.br\/novoportal\/wp-json\/wp\/v2\/users\/2"}],"replies":[{"embeddable":true,"href":"https:\/\/www.sudoestehoje.com.br\/novoportal\/wp-json\/wp\/v2\/comments?post=92572"}],"version-history":[{"count":5,"href":"https:\/\/www.sudoestehoje.com.br\/novoportal\/wp-json\/wp\/v2\/posts\/92572\/revisions"}],"predecessor-version":[{"id":92578,"href":"https:\/\/www.sudoestehoje.com.br\/novoportal\/wp-json\/wp\/v2\/posts\/92572\/revisions\/92578"}],"wp:featuredmedia":[{"embeddable":true,"href":"https:\/\/www.sudoestehoje.com.br\/novoportal\/wp-json\/wp\/v2\/media\/92576"}],"wp:attachment":[{"href":"https:\/\/www.sudoestehoje.com.br\/novoportal\/wp-json\/wp\/v2\/media?parent=92572"}],"wp:term":[{"taxonomy":"category","embeddable":true,"href":"https:\/\/www.sudoestehoje.com.br\/novoportal\/wp-json\/wp\/v2\/categories?post=92572"},{"taxonomy":"post_tag","embeddable":true,"href":"https:\/\/www.sudoestehoje.com.br\/novoportal\/wp-json\/wp\/v2\/tags?post=92572"}],"curies":[{"name":"wp","href":"https:\/\/api.w.org\/{rel}","templated":true}]}}