
{"id":92565,"date":"2021-01-15T00:22:21","date_gmt":"2021-01-15T03:22:21","guid":{"rendered":"https:\/\/www.sudoestehoje.com.br\/novoportal\/?p=92565"},"modified":"2021-01-15T00:22:21","modified_gmt":"2021-01-15T03:22:21","slug":"policia-civil-recupera-gado-furtado-em-maiquinique-e-identifica-autor-do-crime","status":"publish","type":"post","link":"https:\/\/www.sudoestehoje.com.br\/novoportal\/2021\/01\/15\/policia-civil-recupera-gado-furtado-em-maiquinique-e-identifica-autor-do-crime\/","title":{"rendered":"POL\u00cdCIA CIVIL RECUPERA GADO FURTADO EM MAIQUINIQUE E IDENTIFICA AUTOR DO CRIME"},"content":{"rendered":"<p><a href=\"https:\/\/www.sudoestehoje.com.br\/novoportal\/wp-content\/uploads\/2021\/01\/gado-1.jpeg\"><img loading=\"lazy\" decoding=\"async\" class=\"aligncenter size-medium wp-image-92567\" src=\"https:\/\/www.sudoestehoje.com.br\/novoportal\/wp-content\/uploads\/2021\/01\/gado-1-500x225.jpeg\" alt=\"\" width=\"500\" height=\"225\" srcset=\"https:\/\/www.sudoestehoje.com.br\/novoportal\/wp-content\/uploads\/2021\/01\/gado-1-500x225.jpeg 500w, https:\/\/www.sudoestehoje.com.br\/novoportal\/wp-content\/uploads\/2021\/01\/gado-1-700x315.jpeg 700w, https:\/\/www.sudoestehoje.com.br\/novoportal\/wp-content\/uploads\/2021\/01\/gado-1-768x346.jpeg 768w, https:\/\/www.sudoestehoje.com.br\/novoportal\/wp-content\/uploads\/2021\/01\/gado-1.jpeg 1280w\" sizes=\"auto, (max-width: 500px) 100vw, 500px\" \/><\/a><\/p>\n<p>Na manh\u00e3 de hoje, 13\/01\/2021, equipe da Pol\u00edcia Civil da Bahia &#8211; 21\u00aa Coorpin-Itapetinga efetuou dilig\u00eancia na regi\u00e3o da Piabanha, zona rural de Maiquinique, onde recuperou sete (07) reses adultas de um lote de doze (12) animais furtados 21\/12\/2020, na Regi\u00e3o do Palmeira, zona rural daquele munic\u00edpio, avaliados em cerca de R$50.000,00.<\/p>\n<p>As investiga\u00e7\u00f5es acerca do furto dos animais j\u00e1 estavam em curso pela Delegacia Territorial de Maiquinique com a oitiva de algumas testemunhas e a identifica\u00e7\u00e3o do principal suspeito da subtra\u00e7\u00e3o dos animais, o qual j\u00e1 cumpriu cerca de dois anos de pris\u00e3o por furto de gado na regi\u00e3o e foi solto recentemente.<\/p>\n<p>Al\u00e9m da r\u00e1pida a\u00e7\u00e3o policial, a recupera\u00e7\u00e3o tamb\u00e9m foi poss\u00edvel gra\u00e7as \u00e0 circula\u00e7\u00e3o de informa\u00e7\u00f5es entre fazendeiros pelas redes sociais, o que tem se revelado uma ferramenta fundamental no combate ao crime, depois que fotos e v\u00eddeos dos animais foram divulgados por um produtor que desconfiou das condi\u00e7\u00f5es f\u00edsicas de algumas vacas que apareceram na sua propriedade rural.<\/p>\n<p><a href=\"https:\/\/www.sudoestehoje.com.br\/novoportal\/wp-content\/uploads\/2021\/01\/gado-2.jpeg\"><img loading=\"lazy\" decoding=\"async\" class=\"aligncenter size-medium wp-image-92566\" src=\"https:\/\/www.sudoestehoje.com.br\/novoportal\/wp-content\/uploads\/2021\/01\/gado-2-500x225.jpeg\" alt=\"\" width=\"500\" height=\"225\" srcset=\"https:\/\/www.sudoestehoje.com.br\/novoportal\/wp-content\/uploads\/2021\/01\/gado-2-500x225.jpeg 500w, https:\/\/www.sudoestehoje.com.br\/novoportal\/wp-content\/uploads\/2021\/01\/gado-2-700x315.jpeg 700w, https:\/\/www.sudoestehoje.com.br\/novoportal\/wp-content\/uploads\/2021\/01\/gado-2-768x346.jpeg 768w, https:\/\/www.sudoestehoje.com.br\/novoportal\/wp-content\/uploads\/2021\/01\/gado-2.jpeg 1280w\" sizes=\"auto, (max-width: 500px) 100vw, 500px\" \/><\/a><\/p>\n<p>A pena para o furto de gado \u00e9 de 02 a 05 anos de reclus\u00e3o, por\u00e9m, no caso presente, o autor deve responder tamb\u00e9m por crime de maus-tratos, com pena de 03 meses a 01 ano de deten\u00e7\u00e3o, al\u00e9m de multa, uma vez que os animais foram queimados excessivamente a ferro quente para esconder as marcas anteriores que possu\u00edam, apresentando extensos ferimentos.<\/p>\n<p>Os animais recuperados foram restitu\u00eddos ao dono que j\u00e1 os reconduziu de volta \u00e0 sua propriedade. As investiga\u00e7\u00f5es prosseguem para tentar recuperar os cinco animais que continuam desaparecidos.<\/p>\n<p>FONTE: 21\u00aa Coorpin-Itapetinga<\/p>\n","protected":false},"excerpt":{"rendered":"<p>Na manh\u00e3 de hoje, 13\/01\/2021, equipe da Pol\u00edcia Civil da Bahia &#8211; 21\u00aa Coorpin-Itapetinga efetuou dilig\u00eancia na regi\u00e3o da Piabanha, zona rural de Maiquinique, onde recuperou sete (07) reses adultas de um lote de doze (12) animais furtados 21\/12\/2020, na Regi\u00e3o do Palmeira, zona rural daquele munic\u00edpio, avaliados em cerca de R$50.000,00. As investiga\u00e7\u00f5es acerca [&hellip;]<\/p>\n","protected":false},"author":2,"featured_media":92567,"comment_status":"open","ping_status":"open","sticky":false,"template":"","format":"standard","meta":{"footnotes":"","_links_to":"","_links_to_target":""},"categories":[1],"tags":[],"class_list":["post-92565","post","type-post","status-publish","format-standard","has-post-thumbnail","hentry","category-geral"],"views":1472,"_links":{"self":[{"href":"https:\/\/www.sudoestehoje.com.br\/novoportal\/wp-json\/wp\/v2\/posts\/92565","targetHints":{"allow":["GET"]}}],"collection":[{"href":"https:\/\/www.sudoestehoje.com.br\/novoportal\/wp-json\/wp\/v2\/posts"}],"about":[{"href":"https:\/\/www.sudoestehoje.com.br\/novoportal\/wp-json\/wp\/v2\/types\/post"}],"author":[{"embeddable":true,"href":"https:\/\/www.sudoestehoje.com.br\/novoportal\/wp-json\/wp\/v2\/users\/2"}],"replies":[{"embeddable":true,"href":"https:\/\/www.sudoestehoje.com.br\/novoportal\/wp-json\/wp\/v2\/comments?post=92565"}],"version-history":[{"count":1,"href":"https:\/\/www.sudoestehoje.com.br\/novoportal\/wp-json\/wp\/v2\/posts\/92565\/revisions"}],"predecessor-version":[{"id":92568,"href":"https:\/\/www.sudoestehoje.com.br\/novoportal\/wp-json\/wp\/v2\/posts\/92565\/revisions\/92568"}],"wp:featuredmedia":[{"embeddable":true,"href":"https:\/\/www.sudoestehoje.com.br\/novoportal\/wp-json\/wp\/v2\/media\/92567"}],"wp:attachment":[{"href":"https:\/\/www.sudoestehoje.com.br\/novoportal\/wp-json\/wp\/v2\/media?parent=92565"}],"wp:term":[{"taxonomy":"category","embeddable":true,"href":"https:\/\/www.sudoestehoje.com.br\/novoportal\/wp-json\/wp\/v2\/categories?post=92565"},{"taxonomy":"post_tag","embeddable":true,"href":"https:\/\/www.sudoestehoje.com.br\/novoportal\/wp-json\/wp\/v2\/tags?post=92565"}],"curies":[{"name":"wp","href":"https:\/\/api.w.org\/{rel}","templated":true}]}}