
{"id":92558,"date":"2021-01-13T22:17:15","date_gmt":"2021-01-14T01:17:15","guid":{"rendered":"https:\/\/www.sudoestehoje.com.br\/novoportal\/?p=92558"},"modified":"2021-01-13T22:17:15","modified_gmt":"2021-01-14T01:17:15","slug":"minimo-tera-novo-reajuste-em-fevereiro","status":"publish","type":"post","link":"https:\/\/www.sudoestehoje.com.br\/novoportal\/2021\/01\/13\/minimo-tera-novo-reajuste-em-fevereiro\/","title":{"rendered":"M\u00cdNIMO TER\u00c1 NOVO REAJUSTE EM FEVEREIRO"},"content":{"rendered":"<p><a href=\"https:\/\/www.sudoestehoje.com.br\/novoportal\/wp-content\/uploads\/2021\/01\/valor-nacional.jpg\"><img loading=\"lazy\" decoding=\"async\" class=\"aligncenter size-medium wp-image-92560\" src=\"https:\/\/www.sudoestehoje.com.br\/novoportal\/wp-content\/uploads\/2021\/01\/valor-nacional-500x332.jpg\" alt=\"\" width=\"500\" height=\"332\" srcset=\"https:\/\/www.sudoestehoje.com.br\/novoportal\/wp-content\/uploads\/2021\/01\/valor-nacional-500x332.jpg 500w, https:\/\/www.sudoestehoje.com.br\/novoportal\/wp-content\/uploads\/2021\/01\/valor-nacional-700x465.jpg 700w, https:\/\/www.sudoestehoje.com.br\/novoportal\/wp-content\/uploads\/2021\/01\/valor-nacional-768x510.jpg 768w, https:\/\/www.sudoestehoje.com.br\/novoportal\/wp-content\/uploads\/2021\/01\/valor-nacional.jpg 1280w\" sizes=\"auto, (max-width: 500px) 100vw, 500px\" \/><\/a><\/p>\n<p>O governo fala em ampliar novamente o valor do sal\u00e1rio m\u00ednimo, segundo informa\u00e7\u00f5es do Governo Federal, o aumento ser\u00e1 devido ao (INPC) \u00cdndice Nacional de Pre\u00e7os ao consumidor, pelo fato de ter acumulado 5,45% em 2020.<\/p>\n<p>Ao fazer o reajuste em 2020, antes que se conclua o \u00edndice o valor foi exato a 5,26%, o valor creditado seria de R$ 1.045 para R$1.100.<\/p>\n<p>No entanto, ao fim de cota\u00e7\u00e3o e o n\u00edvel de \u00edndice ter aumentado para 5,45% o valor ser\u00e1 passar\u00e1 a ser R$ 1.101,95 a partir de fevereiro de 2021.<\/p>\n","protected":false},"excerpt":{"rendered":"<p>O governo fala em ampliar novamente o valor do sal\u00e1rio m\u00ednimo, segundo informa\u00e7\u00f5es do Governo Federal, o aumento ser\u00e1 devido ao (INPC) \u00cdndice Nacional de Pre\u00e7os ao consumidor, pelo fato de ter acumulado 5,45% em 2020. Ao fazer o reajuste em 2020, antes que se conclua o \u00edndice o valor foi exato a 5,26%, o [&hellip;]<\/p>\n","protected":false},"author":2,"featured_media":92560,"comment_status":"open","ping_status":"open","sticky":false,"template":"","format":"standard","meta":{"footnotes":"","_links_to":"","_links_to_target":""},"categories":[1],"tags":[],"class_list":["post-92558","post","type-post","status-publish","format-standard","has-post-thumbnail","hentry","category-geral"],"views":1035,"_links":{"self":[{"href":"https:\/\/www.sudoestehoje.com.br\/novoportal\/wp-json\/wp\/v2\/posts\/92558","targetHints":{"allow":["GET"]}}],"collection":[{"href":"https:\/\/www.sudoestehoje.com.br\/novoportal\/wp-json\/wp\/v2\/posts"}],"about":[{"href":"https:\/\/www.sudoestehoje.com.br\/novoportal\/wp-json\/wp\/v2\/types\/post"}],"author":[{"embeddable":true,"href":"https:\/\/www.sudoestehoje.com.br\/novoportal\/wp-json\/wp\/v2\/users\/2"}],"replies":[{"embeddable":true,"href":"https:\/\/www.sudoestehoje.com.br\/novoportal\/wp-json\/wp\/v2\/comments?post=92558"}],"version-history":[{"count":2,"href":"https:\/\/www.sudoestehoje.com.br\/novoportal\/wp-json\/wp\/v2\/posts\/92558\/revisions"}],"predecessor-version":[{"id":92561,"href":"https:\/\/www.sudoestehoje.com.br\/novoportal\/wp-json\/wp\/v2\/posts\/92558\/revisions\/92561"}],"wp:featuredmedia":[{"embeddable":true,"href":"https:\/\/www.sudoestehoje.com.br\/novoportal\/wp-json\/wp\/v2\/media\/92560"}],"wp:attachment":[{"href":"https:\/\/www.sudoestehoje.com.br\/novoportal\/wp-json\/wp\/v2\/media?parent=92558"}],"wp:term":[{"taxonomy":"category","embeddable":true,"href":"https:\/\/www.sudoestehoje.com.br\/novoportal\/wp-json\/wp\/v2\/categories?post=92558"},{"taxonomy":"post_tag","embeddable":true,"href":"https:\/\/www.sudoestehoje.com.br\/novoportal\/wp-json\/wp\/v2\/tags?post=92558"}],"curies":[{"name":"wp","href":"https:\/\/api.w.org\/{rel}","templated":true}]}}