
{"id":92551,"date":"2021-01-13T12:11:55","date_gmt":"2021-01-13T15:11:55","guid":{"rendered":"https:\/\/www.sudoestehoje.com.br\/novoportal\/?p=92551"},"modified":"2021-01-13T12:11:55","modified_gmt":"2021-01-13T15:11:55","slug":"itapetinga-compras-de-alimentos-diminuem-apos-fim-do-auxilio-amergencial","status":"publish","type":"post","link":"https:\/\/www.sudoestehoje.com.br\/novoportal\/2021\/01\/13\/itapetinga-compras-de-alimentos-diminuem-apos-fim-do-auxilio-amergencial\/","title":{"rendered":"ITAPETINGA: COMPRAS DE ALIMENTOS DIMINUEM AP\u00d3S FIM DO AUX\u00cdLIO AMERGENCIAL"},"content":{"rendered":"<p><a href=\"https:\/\/www.sudoestehoje.com.br\/novoportal\/wp-content\/uploads\/2021\/01\/assai.jpeg\"><img loading=\"lazy\" decoding=\"async\" class=\"aligncenter size-medium wp-image-92552\" src=\"https:\/\/www.sudoestehoje.com.br\/novoportal\/wp-content\/uploads\/2021\/01\/assai-500x375.jpeg\" alt=\"\" width=\"500\" height=\"375\" srcset=\"https:\/\/www.sudoestehoje.com.br\/novoportal\/wp-content\/uploads\/2021\/01\/assai-500x375.jpeg 500w, https:\/\/www.sudoestehoje.com.br\/novoportal\/wp-content\/uploads\/2021\/01\/assai-700x525.jpeg 700w, https:\/\/www.sudoestehoje.com.br\/novoportal\/wp-content\/uploads\/2021\/01\/assai-768x576.jpeg 768w, https:\/\/www.sudoestehoje.com.br\/novoportal\/wp-content\/uploads\/2021\/01\/assai.jpeg 1280w\" sizes=\"auto, (max-width: 500px) 100vw, 500px\" \/><\/a><\/p>\n<p>Com o fim do Auxilio Emergencial pago pelo governo durante a pandemia em 2020 e diante da infla\u00e7\u00e3o sobre a cesta b\u00e1sica, j\u00e1 se pode notar em Itapetinga e cidades da regi\u00e3o, uma acentuada diminui\u00e7\u00e3o nas compras de alimentos, em supermercados e feiras-livres.<\/p>\n<p>No maior atacadista da regi\u00e3o, a movimenta\u00e7\u00e3o de clientes diminuiu acentuadamente, enquanto os pre\u00e7os s\u00f3 fazem subir. Arroz, \u00f3leo de soja, verduras e principalmente a carne bovina, disparam os pre\u00e7os, espantando a freguesia.<\/p>\n<p>At\u00e9 as promo\u00e7\u00f5es que ocorriam semanalmente, escassearam, frustrando os consumidores que sempre buscam pre\u00e7os mais em conta, nessas ofertas e promo\u00e7\u00f5es.<\/p>\n<p>O governo precisa reavaliar a quest\u00e3o do Auxilio Emergencial, at\u00e9 porque a pandemia n\u00e3o acabou, e a roda da economia corre s\u00e9rio risco de parar.<\/p>\n<p><strong><em>Por Davi Ferraz<\/em><\/strong><\/p>\n","protected":false},"excerpt":{"rendered":"<p>Com o fim do Auxilio Emergencial pago pelo governo durante a pandemia em 2020 e diante da infla\u00e7\u00e3o sobre a cesta b\u00e1sica, j\u00e1 se pode notar em Itapetinga e cidades da regi\u00e3o, uma acentuada diminui\u00e7\u00e3o nas compras de alimentos, em supermercados e feiras-livres. No maior atacadista da regi\u00e3o, a movimenta\u00e7\u00e3o de clientes diminuiu acentuadamente, enquanto [&hellip;]<\/p>\n","protected":false},"author":2,"featured_media":92552,"comment_status":"open","ping_status":"open","sticky":false,"template":"","format":"standard","meta":{"footnotes":"","_links_to":"","_links_to_target":""},"categories":[1],"tags":[],"class_list":["post-92551","post","type-post","status-publish","format-standard","has-post-thumbnail","hentry","category-geral"],"views":1549,"_links":{"self":[{"href":"https:\/\/www.sudoestehoje.com.br\/novoportal\/wp-json\/wp\/v2\/posts\/92551","targetHints":{"allow":["GET"]}}],"collection":[{"href":"https:\/\/www.sudoestehoje.com.br\/novoportal\/wp-json\/wp\/v2\/posts"}],"about":[{"href":"https:\/\/www.sudoestehoje.com.br\/novoportal\/wp-json\/wp\/v2\/types\/post"}],"author":[{"embeddable":true,"href":"https:\/\/www.sudoestehoje.com.br\/novoportal\/wp-json\/wp\/v2\/users\/2"}],"replies":[{"embeddable":true,"href":"https:\/\/www.sudoestehoje.com.br\/novoportal\/wp-json\/wp\/v2\/comments?post=92551"}],"version-history":[{"count":1,"href":"https:\/\/www.sudoestehoje.com.br\/novoportal\/wp-json\/wp\/v2\/posts\/92551\/revisions"}],"predecessor-version":[{"id":92553,"href":"https:\/\/www.sudoestehoje.com.br\/novoportal\/wp-json\/wp\/v2\/posts\/92551\/revisions\/92553"}],"wp:featuredmedia":[{"embeddable":true,"href":"https:\/\/www.sudoestehoje.com.br\/novoportal\/wp-json\/wp\/v2\/media\/92552"}],"wp:attachment":[{"href":"https:\/\/www.sudoestehoje.com.br\/novoportal\/wp-json\/wp\/v2\/media?parent=92551"}],"wp:term":[{"taxonomy":"category","embeddable":true,"href":"https:\/\/www.sudoestehoje.com.br\/novoportal\/wp-json\/wp\/v2\/categories?post=92551"},{"taxonomy":"post_tag","embeddable":true,"href":"https:\/\/www.sudoestehoje.com.br\/novoportal\/wp-json\/wp\/v2\/tags?post=92551"}],"curies":[{"name":"wp","href":"https:\/\/api.w.org\/{rel}","templated":true}]}}