
{"id":92546,"date":"2021-01-13T08:35:25","date_gmt":"2021-01-13T11:35:25","guid":{"rendered":"https:\/\/www.sudoestehoje.com.br\/novoportal\/?p=92546"},"modified":"2021-01-13T08:47:43","modified_gmt":"2021-01-13T11:47:43","slug":"governo-e-prefeitura-do-rio-de-janeiro-liberam-presenca-de-publico-nos-estadios","status":"publish","type":"post","link":"https:\/\/www.sudoestehoje.com.br\/novoportal\/2021\/01\/13\/governo-e-prefeitura-do-rio-de-janeiro-liberam-presenca-de-publico-nos-estadios\/","title":{"rendered":"GOVERNO E PREFEITURA DO RIO DE JANEIRO LIBERAM PRESEN\u00c7A DE P\u00daBLICO NOS EST\u00c1DIOS"},"content":{"rendered":"<div class=\"mc-column content-text active-extra-styles \" data-block-type=\"unstyled\" data-block-weight=\"34\" data-block-id=\"3\">\n<p data-track-category=\"Link no Texto\" data-track-links=\"\"><a href=\"https:\/\/www.sudoestehoje.com.br\/novoportal\/wp-content\/uploads\/2021\/01\/maracana-lotado-divulgacao.jpg\"><img loading=\"lazy\" decoding=\"async\" class=\"aligncenter size-medium wp-image-92547\" src=\"https:\/\/www.sudoestehoje.com.br\/novoportal\/wp-content\/uploads\/2021\/01\/maracana-lotado-divulgacao-500x299.jpg\" alt=\"\" width=\"500\" height=\"299\" srcset=\"https:\/\/www.sudoestehoje.com.br\/novoportal\/wp-content\/uploads\/2021\/01\/maracana-lotado-divulgacao-500x299.jpg 500w, https:\/\/www.sudoestehoje.com.br\/novoportal\/wp-content\/uploads\/2021\/01\/maracana-lotado-divulgacao-700x419.jpg 700w, https:\/\/www.sudoestehoje.com.br\/novoportal\/wp-content\/uploads\/2021\/01\/maracana-lotado-divulgacao-768x460.jpg 768w, https:\/\/www.sudoestehoje.com.br\/novoportal\/wp-content\/uploads\/2021\/01\/maracana-lotado-divulgacao.jpg 1024w\" sizes=\"auto, (max-width: 500px) 100vw, 500px\" \/><\/a><\/p>\n<p class=\"content-text__container \" data-track-category=\"Link no Texto\" data-track-links=\"\">A novidade consta das\u00a0novas regras contra a Covid-19\u00a0publicadas nesta quarta-feira (13) em\u00a0<a href=\"http:\/\/estaticog1.globo.com\/2021\/01\/13\/resoluo.pdf\">uma resolu\u00e7\u00e3o conjunta<\/a>\u00a0das secretarias de Sa\u00fade do estado e do munic\u00edpio. Outra medida\u00a0prev\u00ea fechar shoppings\u00a0em determinadas condi\u00e7\u00f5es.<\/p>\n<\/div>\n<div class=\"mc-column content-text active-extra-styles \" data-block-type=\"unstyled\" data-block-weight=\"27\" data-block-id=\"4\">\n<p class=\"content-text__container \" data-track-category=\"Link no Texto\" data-track-links=\"\">A volta dos torcedores \u00e0s arquibancadas ser\u00e1 com restri\u00e7\u00e3o da capacidade. A redu\u00e7\u00e3o depender\u00e1 da\u00a0classifica\u00e7\u00e3o de risco para Covid-19\u00a0da regi\u00e3o, divulgada toda sexta-feira pelo munic\u00edpio.<\/p>\n<\/div>\n<div class=\"mc-column content-text active-extra-styles \" data-block-type=\"unstyled\" data-block-weight=\"50\" data-block-id=\"5\">\n<p class=\"content-text__container \" data-track-category=\"Link no Texto\" data-track-links=\"\">Se a regi\u00e3o do est\u00e1dio estiver em\u00a0risco moderado, as arquibancadas poder\u00e3o receber\u00a020% da capacidade\u00a0e manter afastamento de\u00a0dois metros\u00a0entre os torcedores. Se o risco estiver\u00a0alto, somente\u00a010%, com\u00a0tr\u00eas metros\u00a0de dist\u00e2ncia para cada um;\u00a0<span class=\"highlight highlighted\">se for risco muito alto, o p\u00fablico n\u00e3o poder\u00e1 entrar<\/span>.<\/p>\n<\/div>\n<div class=\"mc-column content-text active-extra-styles \" data-block-type=\"unstyled\" data-block-weight=\"28\" data-block-id=\"6\">\n<p class=\"content-text__container \" data-track-category=\"Link no Texto\" data-track-links=\"\">A resolu\u00e7\u00e3o permite ainda o consumo de bebidas alco\u00f3licas \u2014 mas somente no pr\u00f3prio assento. Dever\u00e1 haver\u00a0controle dos port\u00f5es\u00a0para evitar aglomera\u00e7\u00f5es na entrada e na sa\u00edda.<\/p>\n<\/div>\n<div class=\"mc-column content-text active-extra-styles \" data-block-type=\"unstyled\" data-block-weight=\"19\" data-block-id=\"7\">\n<p class=\"content-text__container \" data-track-category=\"Link no Texto\" data-track-links=\"\">O \u00faltimo boletim, divulgado no dia 8,\u00a0<a href=\"https:\/\/g1.globo.com\/rj\/rio-de-janeiro\/noticia\/2021\/01\/08\/vinte-e-cinco-bairros-do-rio-tem-risco-alto-para-covid-19-aponta-novo-boletim-da-prefeitura.ghtml\">trazia 18 bairros com risco alto<\/a>\u00a0\u2014 caso dos tr\u00eas principais est\u00e1dios.<\/p>\n<\/div>\n<div class=\"mc-column content-text active-extra-styles \" data-block-type=\"unstyled\" data-block-weight=\"42\" data-block-id=\"8\">\n<p class=\"content-text__container \" data-track-category=\"Link no Texto\" data-track-links=\"\">O\u00a0Maracan\u00e3, em que normalmente cabem\u00a078 mil pessoas, poderia receber cerca de\u00a08 mil torcedores. O\u00a0Nilton Santos, com seus\u00a046 mil lugares, deveria abrigar pouco menos de\u00a05 mil; e\u00a0S\u00e3o Janu\u00e1rio, com\u00a021 mil no total, somente\u00a02 mil.<\/p>\n<p data-track-category=\"Link no Texto\" data-track-links=\"\">Governo deve recuar, dizem os especialistas.<\/p>\n<\/div>\n","protected":false},"excerpt":{"rendered":"<p>A novidade consta das\u00a0novas regras contra a Covid-19\u00a0publicadas nesta quarta-feira (13) em\u00a0uma resolu\u00e7\u00e3o conjunta\u00a0das secretarias de Sa\u00fade do estado e do munic\u00edpio. Outra medida\u00a0prev\u00ea fechar shoppings\u00a0em determinadas condi\u00e7\u00f5es. A volta dos torcedores \u00e0s arquibancadas ser\u00e1 com restri\u00e7\u00e3o da capacidade. A redu\u00e7\u00e3o depender\u00e1 da\u00a0classifica\u00e7\u00e3o de risco para Covid-19\u00a0da regi\u00e3o, divulgada toda sexta-feira pelo munic\u00edpio. Se a [&hellip;]<\/p>\n","protected":false},"author":2,"featured_media":92547,"comment_status":"open","ping_status":"open","sticky":false,"template":"","format":"standard","meta":{"footnotes":"","_links_to":"","_links_to_target":""},"categories":[1],"tags":[],"class_list":["post-92546","post","type-post","status-publish","format-standard","has-post-thumbnail","hentry","category-geral"],"views":894,"_links":{"self":[{"href":"https:\/\/www.sudoestehoje.com.br\/novoportal\/wp-json\/wp\/v2\/posts\/92546","targetHints":{"allow":["GET"]}}],"collection":[{"href":"https:\/\/www.sudoestehoje.com.br\/novoportal\/wp-json\/wp\/v2\/posts"}],"about":[{"href":"https:\/\/www.sudoestehoje.com.br\/novoportal\/wp-json\/wp\/v2\/types\/post"}],"author":[{"embeddable":true,"href":"https:\/\/www.sudoestehoje.com.br\/novoportal\/wp-json\/wp\/v2\/users\/2"}],"replies":[{"embeddable":true,"href":"https:\/\/www.sudoestehoje.com.br\/novoportal\/wp-json\/wp\/v2\/comments?post=92546"}],"version-history":[{"count":2,"href":"https:\/\/www.sudoestehoje.com.br\/novoportal\/wp-json\/wp\/v2\/posts\/92546\/revisions"}],"predecessor-version":[{"id":92549,"href":"https:\/\/www.sudoestehoje.com.br\/novoportal\/wp-json\/wp\/v2\/posts\/92546\/revisions\/92549"}],"wp:featuredmedia":[{"embeddable":true,"href":"https:\/\/www.sudoestehoje.com.br\/novoportal\/wp-json\/wp\/v2\/media\/92547"}],"wp:attachment":[{"href":"https:\/\/www.sudoestehoje.com.br\/novoportal\/wp-json\/wp\/v2\/media?parent=92546"}],"wp:term":[{"taxonomy":"category","embeddable":true,"href":"https:\/\/www.sudoestehoje.com.br\/novoportal\/wp-json\/wp\/v2\/categories?post=92546"},{"taxonomy":"post_tag","embeddable":true,"href":"https:\/\/www.sudoestehoje.com.br\/novoportal\/wp-json\/wp\/v2\/tags?post=92546"}],"curies":[{"name":"wp","href":"https:\/\/api.w.org\/{rel}","templated":true}]}}