
{"id":92542,"date":"2021-01-13T08:24:01","date_gmt":"2021-01-13T11:24:01","guid":{"rendered":"https:\/\/www.sudoestehoje.com.br\/novoportal\/?p=92542"},"modified":"2021-01-13T08:24:01","modified_gmt":"2021-01-13T11:24:01","slug":"morre-o-prefeito-eleito-de-goiania-maguito-vilela-de-complicacoes-da-covid-19","status":"publish","type":"post","link":"https:\/\/www.sudoestehoje.com.br\/novoportal\/2021\/01\/13\/morre-o-prefeito-eleito-de-goiania-maguito-vilela-de-complicacoes-da-covid-19\/","title":{"rendered":"MORRE O PREFEITO ELEITO DE GOI\u00c2NIA MAGUITO VILELA DE COMPLICA\u00c7\u00d5ES DA COVID-19"},"content":{"rendered":"<div class=\"mc-column content-text active-extra-styles \" data-block-type=\"unstyled\" data-block-weight=\"64\" data-block-id=\"2\">\n<p data-track-category=\"Link no Texto\" data-track-links=\"\"><a href=\"https:\/\/www.sudoestehoje.com.br\/novoportal\/wp-content\/uploads\/2021\/01\/maguito.jpg\"><img loading=\"lazy\" decoding=\"async\" class=\"aligncenter size-medium wp-image-92544\" src=\"https:\/\/www.sudoestehoje.com.br\/novoportal\/wp-content\/uploads\/2021\/01\/maguito-500x313.jpg\" alt=\"\" width=\"500\" height=\"313\" srcset=\"https:\/\/www.sudoestehoje.com.br\/novoportal\/wp-content\/uploads\/2021\/01\/maguito-500x313.jpg 500w, https:\/\/www.sudoestehoje.com.br\/novoportal\/wp-content\/uploads\/2021\/01\/maguito-700x438.jpg 700w, https:\/\/www.sudoestehoje.com.br\/novoportal\/wp-content\/uploads\/2021\/01\/maguito-768x481.jpg 768w, https:\/\/www.sudoestehoje.com.br\/novoportal\/wp-content\/uploads\/2021\/01\/maguito.jpg 984w\" sizes=\"auto, (max-width: 500px) 100vw, 500px\" \/><\/a><\/p>\n<p class=\"content-text__container \" data-track-category=\"Link no Texto\" data-track-links=\"\">O ex-governador de Goi\u00e1s e prefeito licenciado de\u00a0Goi\u00e2nia,\u00a0Maguito Vilela\u00a0(MDB), faleceu aos 71 anos, nesta quarta-feira (13). A informa\u00e7\u00e3o foi confirmada pelo secret\u00e1rio de Comunica\u00e7\u00e3o da capital, Bruno Rocha Lima. O pol\u00edtico estava internado na Unidade de Terapia Intensiva (UTI) do Hospital Albert Einstein, em\u00a0S\u00e3o Paulo,\u00a0lutando contra uma infec\u00e7\u00e3o pulmonar, em decorr\u00eancia da Covid-19, da qual j\u00e1 havia se recuperado.<\/p>\n<\/div>\n<div class=\"wall protected-content\">\n<div class=\"mc-column content-text active-extra-styles \" data-block-type=\"unstyled\" data-block-weight=\"34\" data-block-id=\"3\">\n<p class=\"content-text__container \" data-track-category=\"Link no Texto\" data-track-links=\"\">A nota divulgada pela Secretaria de Comunica\u00e7\u00e3o da capital informou que &#8220;a fam\u00edlia est\u00e1 providenciando o traslado do corpo de S\u00e3o Paulo para Goi\u00e1s e ele deve ser sepultado em\u00a0Jata<a href=\"https:\/\/g1.globo.com\/go\/goias\/cidade\/jatai\/\">\u00ed<\/a>, sua terra natal&#8221;.<\/p>\n<\/div>\n<div class=\"mc-column content-text active-extra-styles \" data-block-type=\"unstyled\" data-block-weight=\"37\" data-block-id=\"4\">\n<p class=\"content-text__container \" data-track-category=\"Link no Texto\" data-track-links=\"\">O Hospital Albert Einstein confirmou a morte do pol\u00edtico. Segundo a unidade de sa\u00fade, ele faleceu \u00e0s 4h10 desta quarta-feira e estava internado na unidade de sa\u00fade &#8220;desde o dia 27 de outubro para tratamento da Covid-19&#8221;.<\/p>\n<\/div>\n<div class=\"mc-column content-text active-extra-styles \" data-block-type=\"unstyled\" data-block-weight=\"54\" data-block-id=\"5\">\n<p class=\"content-text__container \" data-track-category=\"Link no Texto\" data-track-links=\"\">Maguito perdeu duas irm\u00e3s para a Covid-1<a href=\"https:\/\/g1.globo.com\/go\/goias\/noticia\/2021\/01\/13\/maguilo-vilela-morre-de-complicacoes-da-covid-19-apos-perder-duas-irmas-para-a-doenca.ghtml\">9<\/a>\u00a0em agosto de 2020 com menos de dez dia de diferen\u00e7a. No dia 19, morreu Nelma Vilela Veloso, de 76 anos, que tinha diabetes e problemas pulmonares, comorbidades que agravaram o quadro. J\u00e1 no dia 28, a irm\u00e3 mais velha, Nelita Vilela, de 82 anos, tamb\u00e9m faleceu.<\/p>\n<\/div>\n<div class=\"mc-column content-text active-extra-styles \" data-block-type=\"unstyled\" data-block-weight=\"23\" data-block-id=\"6\">\n<p class=\"content-text__container \" data-track-category=\"Link no Texto\" data-track-links=\"\">Maguito passou por v\u00e1rios cargos p\u00fablicos em Goi\u00e1s: vereador, prefeito, governador e senador. Ele ainda foi professor e advogado.<\/p>\n<\/div>\n<div class=\"content-ads content-ads--reveal\" data-block-type=\"ads\" data-block-id=\"7\">\n<div id=\"banner_materia2\" class=\"tag-manager-publicidade-container mc-has-reveal mc-has-ad-lazyload tag-manager-publicidade-banner_materia2 tag-manager-publicidade-container--carregado tag-manager-publicidade-container--visivel\" data-id=\"banner_materia2\" data-req=\"true\" data-google-query-id=\"CMb4v7nkmO4CFdI0uQYdzqoKwQ\" data-cid=\"138336091553\" data-lid=\"5581136043\"><\/div>\n<\/div>\n<\/div>\n","protected":false},"excerpt":{"rendered":"<p>O ex-governador de Goi\u00e1s e prefeito licenciado de\u00a0Goi\u00e2nia,\u00a0Maguito Vilela\u00a0(MDB), faleceu aos 71 anos, nesta quarta-feira (13). A informa\u00e7\u00e3o foi confirmada pelo secret\u00e1rio de Comunica\u00e7\u00e3o da capital, Bruno Rocha Lima. O pol\u00edtico estava internado na Unidade de Terapia Intensiva (UTI) do Hospital Albert Einstein, em\u00a0S\u00e3o Paulo,\u00a0lutando contra uma infec\u00e7\u00e3o pulmonar, em decorr\u00eancia da Covid-19, da qual [&hellip;]<\/p>\n","protected":false},"author":2,"featured_media":92544,"comment_status":"open","ping_status":"open","sticky":false,"template":"","format":"standard","meta":{"footnotes":"","_links_to":"","_links_to_target":""},"categories":[1],"tags":[],"class_list":["post-92542","post","type-post","status-publish","format-standard","has-post-thumbnail","hentry","category-geral"],"views":1153,"_links":{"self":[{"href":"https:\/\/www.sudoestehoje.com.br\/novoportal\/wp-json\/wp\/v2\/posts\/92542","targetHints":{"allow":["GET"]}}],"collection":[{"href":"https:\/\/www.sudoestehoje.com.br\/novoportal\/wp-json\/wp\/v2\/posts"}],"about":[{"href":"https:\/\/www.sudoestehoje.com.br\/novoportal\/wp-json\/wp\/v2\/types\/post"}],"author":[{"embeddable":true,"href":"https:\/\/www.sudoestehoje.com.br\/novoportal\/wp-json\/wp\/v2\/users\/2"}],"replies":[{"embeddable":true,"href":"https:\/\/www.sudoestehoje.com.br\/novoportal\/wp-json\/wp\/v2\/comments?post=92542"}],"version-history":[{"count":2,"href":"https:\/\/www.sudoestehoje.com.br\/novoportal\/wp-json\/wp\/v2\/posts\/92542\/revisions"}],"predecessor-version":[{"id":92545,"href":"https:\/\/www.sudoestehoje.com.br\/novoportal\/wp-json\/wp\/v2\/posts\/92542\/revisions\/92545"}],"wp:featuredmedia":[{"embeddable":true,"href":"https:\/\/www.sudoestehoje.com.br\/novoportal\/wp-json\/wp\/v2\/media\/92544"}],"wp:attachment":[{"href":"https:\/\/www.sudoestehoje.com.br\/novoportal\/wp-json\/wp\/v2\/media?parent=92542"}],"wp:term":[{"taxonomy":"category","embeddable":true,"href":"https:\/\/www.sudoestehoje.com.br\/novoportal\/wp-json\/wp\/v2\/categories?post=92542"},{"taxonomy":"post_tag","embeddable":true,"href":"https:\/\/www.sudoestehoje.com.br\/novoportal\/wp-json\/wp\/v2\/tags?post=92542"}],"curies":[{"name":"wp","href":"https:\/\/api.w.org\/{rel}","templated":true}]}}