
{"id":92538,"date":"2021-01-12T20:51:31","date_gmt":"2021-01-12T23:51:31","guid":{"rendered":"https:\/\/www.sudoestehoje.com.br\/novoportal\/?p=92538"},"modified":"2021-01-12T20:51:31","modified_gmt":"2021-01-12T23:51:31","slug":"governo-federal-decide-antecipar-13o-de-aposentados-do-inss-e-abono-salarial","status":"publish","type":"post","link":"https:\/\/www.sudoestehoje.com.br\/novoportal\/2021\/01\/12\/governo-federal-decide-antecipar-13o-de-aposentados-do-inss-e-abono-salarial\/","title":{"rendered":"GOVERNO FEDERAL DECIDE ANTECIPAR 13\u00ba DE APOSENTADOS DO INSS E ABONO SALARIAL"},"content":{"rendered":"<div class=\"mc-column content-text active-extra-styles active-capital-letter\" data-block-type=\"unstyled\" data-block-weight=\"40\" data-block-id=\"1\">\n<p data-track-category=\"Link no Texto\" data-track-links=\"\"><a href=\"https:\/\/www.sudoestehoje.com.br\/novoportal\/wp-content\/uploads\/2021\/01\/inssjus.jpg\"><img loading=\"lazy\" decoding=\"async\" class=\"aligncenter size-medium wp-image-92539\" src=\"https:\/\/www.sudoestehoje.com.br\/novoportal\/wp-content\/uploads\/2021\/01\/inssjus-500x310.jpg\" alt=\"\" width=\"500\" height=\"310\" srcset=\"https:\/\/www.sudoestehoje.com.br\/novoportal\/wp-content\/uploads\/2021\/01\/inssjus-500x310.jpg 500w, https:\/\/www.sudoestehoje.com.br\/novoportal\/wp-content\/uploads\/2021\/01\/inssjus-700x434.jpg 700w, https:\/\/www.sudoestehoje.com.br\/novoportal\/wp-content\/uploads\/2021\/01\/inssjus-768x476.jpg 768w, https:\/\/www.sudoestehoje.com.br\/novoportal\/wp-content\/uploads\/2021\/01\/inssjus.jpg 790w\" sizes=\"auto, (max-width: 500px) 100vw, 500px\" \/><\/a><\/p>\n<p class=\"content-text__container theme-color-primary-first-letter\" data-track-category=\"Link no Texto\" data-track-links=\"\">Diante do\u00a0aumento no n\u00famero de casos de Covid-19 neste in\u00edcio de ano, o governo\u00a0 federal\u00a0decidiu antecipar novamente os pagamentos do 13\u00ba de aposentados do INSS e do abono salarial. A medida\u00a0j\u00e1 havia sido adotada\u00a0em 2020.<\/p>\n<\/div>\n<div class=\"wall protected-content\">\n<div class=\"mc-column content-text active-extra-styles \" data-block-type=\"unstyled\" data-block-weight=\"35\" data-block-id=\"2\">\n<p class=\"content-text__container \" data-track-category=\"Link no Texto\" data-track-links=\"\">Segundo assessores presidenciais, a inten\u00e7\u00e3o \u00e9 pagar a primeira parcela do 13\u00ba dos aposentados e pensionistas do INSS\u00a0<span class=\"highlight highlighted\">em fevereiro<\/span>\u00a0e a segunda,\u00a0<span class=\"highlight highlighted\">em mar\u00e7o<\/span>. O mesmo calend\u00e1rio seria usado no pagamento do abono salarial.<\/p>\n<\/div>\n<div class=\"mc-column content-text active-extra-styles \" data-block-type=\"unstyled\" data-block-weight=\"45\" data-block-id=\"3\">\n<p class=\"content-text__container \" data-track-category=\"Link no Texto\" data-track-links=\"\">A equipe do ministro da Economia,\u00a0Paulo Guedes, j\u00e1 providencia a formaliza\u00e7\u00e3o da medida e avalia se realmente ser\u00e1 poss\u00edvel fazer a primeira antecipa\u00e7\u00e3o j\u00e1 no pr\u00f3ximo m\u00eas.<\/p>\n<\/div>\n<\/div>\n","protected":false},"excerpt":{"rendered":"<p>Diante do\u00a0aumento no n\u00famero de casos de Covid-19 neste in\u00edcio de ano, o governo\u00a0 federal\u00a0decidiu antecipar novamente os pagamentos do 13\u00ba de aposentados do INSS e do abono salarial. A medida\u00a0j\u00e1 havia sido adotada\u00a0em 2020. Segundo assessores presidenciais, a inten\u00e7\u00e3o \u00e9 pagar a primeira parcela do 13\u00ba dos aposentados e pensionistas do INSS\u00a0em fevereiro\u00a0e a [&hellip;]<\/p>\n","protected":false},"author":2,"featured_media":92539,"comment_status":"open","ping_status":"open","sticky":false,"template":"","format":"standard","meta":{"footnotes":"","_links_to":"","_links_to_target":""},"categories":[1],"tags":[],"class_list":["post-92538","post","type-post","status-publish","format-standard","has-post-thumbnail","hentry","category-geral"],"views":1130,"_links":{"self":[{"href":"https:\/\/www.sudoestehoje.com.br\/novoportal\/wp-json\/wp\/v2\/posts\/92538","targetHints":{"allow":["GET"]}}],"collection":[{"href":"https:\/\/www.sudoestehoje.com.br\/novoportal\/wp-json\/wp\/v2\/posts"}],"about":[{"href":"https:\/\/www.sudoestehoje.com.br\/novoportal\/wp-json\/wp\/v2\/types\/post"}],"author":[{"embeddable":true,"href":"https:\/\/www.sudoestehoje.com.br\/novoportal\/wp-json\/wp\/v2\/users\/2"}],"replies":[{"embeddable":true,"href":"https:\/\/www.sudoestehoje.com.br\/novoportal\/wp-json\/wp\/v2\/comments?post=92538"}],"version-history":[{"count":2,"href":"https:\/\/www.sudoestehoje.com.br\/novoportal\/wp-json\/wp\/v2\/posts\/92538\/revisions"}],"predecessor-version":[{"id":92541,"href":"https:\/\/www.sudoestehoje.com.br\/novoportal\/wp-json\/wp\/v2\/posts\/92538\/revisions\/92541"}],"wp:featuredmedia":[{"embeddable":true,"href":"https:\/\/www.sudoestehoje.com.br\/novoportal\/wp-json\/wp\/v2\/media\/92539"}],"wp:attachment":[{"href":"https:\/\/www.sudoestehoje.com.br\/novoportal\/wp-json\/wp\/v2\/media?parent=92538"}],"wp:term":[{"taxonomy":"category","embeddable":true,"href":"https:\/\/www.sudoestehoje.com.br\/novoportal\/wp-json\/wp\/v2\/categories?post=92538"},{"taxonomy":"post_tag","embeddable":true,"href":"https:\/\/www.sudoestehoje.com.br\/novoportal\/wp-json\/wp\/v2\/tags?post=92538"}],"curies":[{"name":"wp","href":"https:\/\/api.w.org\/{rel}","templated":true}]}}