
{"id":92533,"date":"2021-01-12T20:27:36","date_gmt":"2021-01-12T23:27:36","guid":{"rendered":"https:\/\/www.sudoestehoje.com.br\/novoportal\/?p=92533"},"modified":"2021-01-12T20:27:36","modified_gmt":"2021-01-12T23:27:36","slug":"itapetinga-lei-aldir-blanc-contempla-170-artistas-e-espacos-culturais-veja-lista","status":"publish","type":"post","link":"https:\/\/www.sudoestehoje.com.br\/novoportal\/2021\/01\/12\/itapetinga-lei-aldir-blanc-contempla-170-artistas-e-espacos-culturais-veja-lista\/","title":{"rendered":"ITAPETINGA: LEI ALDIR BLANC CONTEMPLA 170 ARTISTAS E ESPA\u00c7OS CULTURAIS; VEJA LISTA"},"content":{"rendered":"<div><a href=\"https:\/\/www.sudoestehoje.com.br\/novoportal\/wp-content\/uploads\/2021\/01\/ALDIR.jpeg\"><img loading=\"lazy\" decoding=\"async\" class=\"aligncenter size-medium wp-image-92536\" src=\"https:\/\/www.sudoestehoje.com.br\/novoportal\/wp-content\/uploads\/2021\/01\/ALDIR-500x375.jpeg\" alt=\"\" width=\"500\" height=\"375\" srcset=\"https:\/\/www.sudoestehoje.com.br\/novoportal\/wp-content\/uploads\/2021\/01\/ALDIR-500x375.jpeg 500w, https:\/\/www.sudoestehoje.com.br\/novoportal\/wp-content\/uploads\/2021\/01\/ALDIR-700x525.jpeg 700w, https:\/\/www.sudoestehoje.com.br\/novoportal\/wp-content\/uploads\/2021\/01\/ALDIR-768x576.jpeg 768w, https:\/\/www.sudoestehoje.com.br\/novoportal\/wp-content\/uploads\/2021\/01\/ALDIR.jpeg 990w\" sizes=\"auto, (max-width: 500px) 100vw, 500px\" \/><\/a><\/div>\n<div class=\"entry-headline h5\">Nesta segunda-feira, 11, a Comiss\u00e3o Gestora de Acompanhamento e Fiscaliza\u00e7\u00e3o da Lei Aldir Blanc reuniu-se na Biblioteca Municipal para an\u00e1lise das inscri\u00e7\u00f5es no edital que visa a sele\u00e7\u00e3o dos agentes e centros de cultura que pleitearam o benef\u00edcio emergencial para o setor.<\/div>\n<p>Em Itapetinga, mais de 550 mil reais ser\u00e3o destinados aos artistas, grupos e espa\u00e7os culturais que tiveram projetos aprovados pela comiss\u00e3o gestora. Ao todo, 171 projetos foram selecionados.<\/p>\n<p>Aqueles que n\u00e3o foram contemplados ter\u00e3o at\u00e9 o dia 18 de janeiro para entrarem com recurso.<\/p>\n<p>No dia 19, todos os classificados ser\u00e3o reunidos na concha ac\u00fastica para maiores orienta\u00e7\u00f5es e esclarecimentos sobre as condi\u00e7\u00f5es para recebimento do benef\u00edcio, al\u00e9m de instru\u00e7\u00f5es sobre execu\u00e7\u00e3o do projeto e presta\u00e7\u00e3o de contas. <strong><em>CONFIRA LISTA:<\/em><\/strong><!--more--><\/p>\n<p><em><strong>Conhe\u00e7a os itapetinguenses contemplados pela Lei Aldir Blanc:<\/strong><\/em><\/p>\n<figure class=\"wp-block-table\">\n<table>\n<tbody>\n<tr>\n<td>ABDIAS DE JESUS SILVA<\/td>\n<\/tr>\n<tr>\n<td>ADRIANO SANTOS<\/td>\n<\/tr>\n<tr>\n<td>ALAN DOS SANTOS SANTANA<\/td>\n<\/tr>\n<tr>\n<td>ALAN MATOS NUNES<\/td>\n<\/tr>\n<tr>\n<td>ALDO VAL\u00c9RIO SANTOS OLIVEIRA<\/td>\n<\/tr>\n<tr>\n<td>ALESSANDRO SANTOS SILVA<\/td>\n<\/tr>\n<tr>\n<td>ALEXANDRE GOMES PEREIRA SANTOS<\/td>\n<\/tr>\n<tr>\n<td>ALMIR BISPO DOS SANTOS<\/td>\n<\/tr>\n<tr>\n<td>ANA CAROLINE SILVA SANTOS MUNIZ<\/td>\n<\/tr>\n<tr>\n<td>ANA PAULA DOS SANTOS SANTANA<\/td>\n<\/tr>\n<tr>\n<td>ANDRE GOMES DE JESUS<\/td>\n<\/tr>\n<tr>\n<td>ANDRE LUIS NUNES NASCIMENTO<\/td>\n<\/tr>\n<tr>\n<td>ANDREIA AQUINO SANTOS<\/td>\n<\/tr>\n<tr>\n<td>ANTONIO CARLOS NERE ALMEIRA<\/td>\n<\/tr>\n<tr>\n<td>ARICELMA DA SILVA SANTOS<\/td>\n<\/tr>\n<tr>\n<td>ARIOMAR SANTOS SOUZA<\/td>\n<\/tr>\n<tr>\n<td>BRENDA SILVA DE OLIVEIRA<\/td>\n<\/tr>\n<tr>\n<td>BRENO LIMA TAVARES DA SILVA<\/td>\n<\/tr>\n<tr>\n<td>BRUNO DA SILVA CARDOSO<\/td>\n<\/tr>\n<tr>\n<td>BRUNO OLIVEIRA DOS SANTOS<\/td>\n<\/tr>\n<tr>\n<td>CARLOS DANIEL FERRAZ SANTOS<\/td>\n<\/tr>\n<tr>\n<td>CARLOS HENRIQUE PEREIRA SILVA<\/td>\n<\/tr>\n<tr>\n<td>CARLOS \u00cdCARO SANTANA BRITO<\/td>\n<\/tr>\n<tr>\n<td>CARLOS NELSON ROCHA<\/td>\n<\/tr>\n<tr>\n<td>CAROLINE LIMA DA SILVA<\/td>\n<\/tr>\n<tr>\n<td>C\u00c1SSIA ALINE ALVES LOPES<\/td>\n<\/tr>\n<tr>\n<td>CLAUDIO DE JESUS<\/td>\n<\/tr>\n<tr>\n<td>CLAUDIO PAMPONETE BITENCOURT<\/td>\n<\/tr>\n<tr>\n<td>CLAUDIO RIBEIRO FERREIRA<\/td>\n<\/tr>\n<tr>\n<td>CLAUDIO ROMOALDO DE CARVALHO<\/td>\n<\/tr>\n<tr>\n<td>COSME RIBEIRO CARDOSO<\/td>\n<\/tr>\n<tr>\n<td>DANIEL BRUNO GON\u00c7ALVES FREITAS<\/td>\n<\/tr>\n<tr>\n<td>DANIEL LUCAS OLIVEIRA DOS SANTOS<\/td>\n<\/tr>\n<tr>\n<td>DANIEL SANTOS BRITO<\/td>\n<\/tr>\n<tr>\n<td>DANIEL SANTOS SILVA<\/td>\n<\/tr>\n<tr>\n<td>DANILO JORGE DUTRA DE OLIVEIRA<\/td>\n<\/tr>\n<tr>\n<td>DAVI PIRES FEITOSA MENDES LIMA<\/td>\n<\/tr>\n<tr>\n<td>DIHOLGO MOREIRA ROCHA FERRAZ<\/td>\n<\/tr>\n<tr>\n<td>DOUGLAS LIMA SANTANA<\/td>\n<\/tr>\n<tr>\n<td>EDICASSIO DE OLIVEIRA SILVA<\/td>\n<\/tr>\n<tr>\n<td>EDILSON CARDOSO DE SOUZA<\/td>\n<\/tr>\n<tr>\n<td>EDNA SOARES MOITINHO<\/td>\n<\/tr>\n<tr>\n<td>EDNAJARA SANTOS CARDOSO<\/td>\n<\/tr>\n<tr>\n<td>EDSON DE JESUS SANTOS<\/td>\n<\/tr>\n<tr>\n<td>EDVAN BASTOS MOITINHO<\/td>\n<\/tr>\n<tr>\n<td>ELIANE RODRIGUES NOVAES SANTOS<\/td>\n<\/tr>\n<tr>\n<td>ELZITO SOUSA RIBEIRO<\/td>\n<\/tr>\n<tr>\n<td>EMANUELLE RAMOS SANTOS<\/td>\n<\/tr>\n<tr>\n<td>EMILIO CESAR DE OLIVEIRA SOBRINHO<\/td>\n<\/tr>\n<tr>\n<td>ESTEFANE DE MIRANDA VIANA<\/td>\n<\/tr>\n<tr>\n<td>ESTER CARDOSO RIBEIRO<\/td>\n<\/tr>\n<tr>\n<td>FABIANA DE JESUS OLIVEIRA<\/td>\n<\/tr>\n<tr>\n<td>FABIO XAVIER GUSM\u00c3O<\/td>\n<\/tr>\n<tr>\n<td>FELIPY FERREIRA SILVA<\/td>\n<\/tr>\n<tr>\n<td>GABRIEL SILVA SANTOS MUNIZ<\/td>\n<\/tr>\n<tr>\n<td>GILBERTO LIBARINO ROCHA<\/td>\n<\/tr>\n<tr>\n<td>GILMARIO FLORENTINO BATISTA<\/td>\n<\/tr>\n<tr>\n<td>GILSON PEREIRA VASCONCELOS<\/td>\n<\/tr>\n<tr>\n<td>GILVAN DE JESUS SOUZA<\/td>\n<\/tr>\n<tr>\n<td>HANNA PINHEIRO VIEIRA<\/td>\n<\/tr>\n<tr>\n<td>HARLEN DE FRAN\u00c7A DE JESUS<\/td>\n<\/tr>\n<tr>\n<td>HEIDY SOUZA DE PAULA<\/td>\n<\/tr>\n<tr>\n<td>H\u00c9RICK OLIVEIRA GON\u00c7ALVES<\/td>\n<\/tr>\n<tr>\n<td>IAGO MELO DE OLIVEIRA SENA<\/td>\n<\/tr>\n<tr>\n<td>IGOR NASCIMENTO QUEIROZ<\/td>\n<\/tr>\n<tr>\n<td>ISRAEL FERREIRA DOS SANTOS<\/td>\n<\/tr>\n<tr>\n<td>IVAN ALVES DOS SANTOS FILHO<\/td>\n<\/tr>\n<tr>\n<td>JACQUELINE\u00a0MOTA DE OLIVEIRA<\/td>\n<\/tr>\n<tr>\n<td>JASMYN LIMA DOS SANTOS PITTA<\/td>\n<\/tr>\n<tr>\n<td>JESSICA BARBOSA DA SILVA<\/td>\n<\/tr>\n<tr>\n<td>JO\u00c3O CARLOS SILVA<\/td>\n<\/tr>\n<tr>\n<td>JO\u00c3O DE SOUZA<\/td>\n<\/tr>\n<tr>\n<td>JO\u00c3O GILBERTO BARRETO LIBARINO ROCHA<\/td>\n<\/tr>\n<tr>\n<td>JO\u00c3O RODRIGO AMARAL MEDINA DA SILVA<\/td>\n<\/tr>\n<tr>\n<td>JOAZ SANTOS REIS<\/td>\n<\/tr>\n<tr>\n<td>JOHNNY ALVES XAVIER<\/td>\n<\/tr>\n<tr>\n<td>JORGE VIANA ALMEIDA<\/td>\n<\/tr>\n<tr>\n<td>JOSE EDUARDO DA SILVA DUARTE<\/td>\n<\/tr>\n<tr>\n<td>JOSE LUIZ GON\u00c7ALVES SAMPAIO NETO<\/td>\n<\/tr>\n<tr>\n<td>JOSE MARCELO CERQUEIRA MELO<\/td>\n<\/tr>\n<tr>\n<td>JOSEANE ABADE OLIVEIRA<\/td>\n<\/tr>\n<tr>\n<td>JUAREZ ROCHA DE OLIVEIRA<\/td>\n<\/tr>\n<tr>\n<td>KAIQUE DE FRAN\u00c7A DE JESUS<\/td>\n<\/tr>\n<tr>\n<td>KLEISSON CORDEIRO DA SILVA<\/td>\n<\/tr>\n<tr>\n<td>LEILA MARIA DE JESUS<\/td>\n<\/tr>\n<tr>\n<td>LENICE MARIA DE JESUS<\/td>\n<\/tr>\n<tr>\n<td>L\u00caNIO ALMEIDA LOPES<\/td>\n<\/tr>\n<tr>\n<td>LEONARDO SILVA DOS ANJOS<\/td>\n<\/tr>\n<tr>\n<td>LUAN DA SILVA BARRETO<\/td>\n<\/tr>\n<tr>\n<td>LUANA PAULA DOS SANTOS AQUINO<\/td>\n<\/tr>\n<tr>\n<td>LUCAS DINIZ SOUZA<\/td>\n<\/tr>\n<tr>\n<td>LUCAS NOLASCO SILVA<\/td>\n<\/tr>\n<tr>\n<td>LUCINEIDE SOARES CERQUEIRA<\/td>\n<\/tr>\n<tr>\n<td>MAGNA SANTOS SILVA<\/td>\n<\/tr>\n<tr>\n<td>MAIRLA BRITO MATOS<\/td>\n<\/tr>\n<tr>\n<td>MARCELE COSTA DOURADO DOS SANTOS<\/td>\n<\/tr>\n<tr>\n<td>MARCOS SUEL PEREIRA DOS SANTOS<\/td>\n<\/tr>\n<tr>\n<td>MARIA FERREIRA LIMA E SOUZA<\/td>\n<\/tr>\n<tr>\n<td>MARIA LUCIA ALVES DE MACEDO SILVA<\/td>\n<\/tr>\n<tr>\n<td>MARILSON DE OLIVEIRA SILVA<\/td>\n<\/tr>\n<tr>\n<td>MATHEUS ROCHA SILVA<\/td>\n<\/tr>\n<tr>\n<td>MAX FONSECA RIBEIRO<\/td>\n<\/tr>\n<tr>\n<td>MIQU\u00c9IAS SOUZA RIBEIRO<\/td>\n<\/tr>\n<tr>\n<td>MOISES SERAFIM BARBOSA<\/td>\n<\/tr>\n<tr>\n<td>MURIEL LIMA DE OLIVEIRA<\/td>\n<\/tr>\n<tr>\n<td>MURILLO GON\u00c7ALVES DOS SANTOS<\/td>\n<\/tr>\n<tr>\n<td>NATHANE DE MATOS ALMEIDA DOS ANJOS<\/td>\n<\/tr>\n<tr>\n<td>NEEMIAS SOUZA SANTOS<\/td>\n<\/tr>\n<tr>\n<td>NEIDE NADIA DE DEUS DIAS<\/td>\n<\/tr>\n<tr>\n<td>NEIDE NONDIA ALVES DE DEUS<\/td>\n<\/tr>\n<tr>\n<td>NEIDSON SILVA RODRIGUES<\/td>\n<\/tr>\n<tr>\n<td>NILTON CERQUEIRA SANTOS<\/td>\n<\/tr>\n<tr>\n<td>OSVALDO DE SOUZA BARBOSA<\/td>\n<\/tr>\n<tr>\n<td>OTAC\u00cdLIO JOSE ALENCAR NETO<\/td>\n<\/tr>\n<tr>\n<td>PERILO TRAJANO SENTO S\u00c9 DE ASSIS<\/td>\n<\/tr>\n<tr>\n<td>RAFAEL DE JESUS SILVA<\/td>\n<\/tr>\n<tr>\n<td>RAMIRO ANTONIO MOREIRA OLIVEIRA<\/td>\n<\/tr>\n<tr>\n<td>RAMON OLIVEIRA ROCHA DOS SANTOS<\/td>\n<\/tr>\n<tr>\n<td>REBECA NOVAES SANTOS<\/td>\n<\/tr>\n<tr>\n<td>REGINALDO DA SILVA VIEIRA<\/td>\n<\/tr>\n<tr>\n<td>RENATO PEREIRA SILVA<\/td>\n<\/tr>\n<tr>\n<td>RICK LUIZ SOARES DE QUEIROZ<\/td>\n<\/tr>\n<tr>\n<td>ROBERTO LUIS DOS SANTOS<\/td>\n<\/tr>\n<tr>\n<td>RODRIGO BRITO DOS SANTOS<\/td>\n<\/tr>\n<tr>\n<td>RODRIGO DE JESUS OLIVEIRA<\/td>\n<\/tr>\n<tr>\n<td>RODRIGO SILVA SANTOS<\/td>\n<\/tr>\n<tr>\n<td>ROG\u00c9RIO SOARES DA SILVA<\/td>\n<\/tr>\n<tr>\n<td>ROQUE ENOQUE DOS SANTOS FILHO<\/td>\n<\/tr>\n<tr>\n<td>ROSIMEIRE DE JESUS<\/td>\n<\/tr>\n<tr>\n<td>SAMIR GUSM\u00c3O BRITO<\/td>\n<\/tr>\n<tr>\n<td>SARA OLIVEIRA DA SILVA<\/td>\n<\/tr>\n<tr>\n<td>SAULO SILVA MOREIRA<\/td>\n<\/tr>\n<tr>\n<td>SAULO SOUZA LIMA<\/td>\n<\/tr>\n<tr>\n<td>SILVANA PEREIRA DOS SANTOS<\/td>\n<\/tr>\n<tr>\n<td>SIRLENE LOPEZ SANTOS<\/td>\n<\/tr>\n<tr>\n<td>SORAIA SOARES MOITINHO<\/td>\n<\/tr>\n<tr>\n<td>STEFANEO DA GAMA RIBEIRO<\/td>\n<\/tr>\n<tr>\n<td>SUELY SILVA SOUZA<\/td>\n<\/tr>\n<tr>\n<td>SUZANA OLIVEIRA ALVES<\/td>\n<\/tr>\n<tr>\n<td>TARSIO SANTOS DE SOUSA<\/td>\n<\/tr>\n<tr>\n<td>TIAGO RODRIGO DA SILVA MOTA<\/td>\n<\/tr>\n<tr>\n<td>VAGNER LIMA ROCHA<\/td>\n<\/tr>\n<tr>\n<td>VALD\u00c9IQUE DE OLIVEIRA PEREIRA<\/td>\n<\/tr>\n<tr>\n<td>VALDINEI NOVAES SANTOS<\/td>\n<\/tr>\n<tr>\n<td>VALDITE SILVA SANTOS<\/td>\n<\/tr>\n<tr>\n<td>VALEDI FEALIO DE CARVALHO<\/td>\n<\/tr>\n<tr>\n<td>VAL\u00c9RIO ANTONIO DO NASCIMENTO<\/td>\n<\/tr>\n<tr>\n<td>VANESSA SOUZA LIMA<\/td>\n<\/tr>\n<tr>\n<td>VER\u00d4NICA SILVA LAGOAS<\/td>\n<\/tr>\n<tr>\n<td>WALLAS ALMEIDA DE OLIVEIRA<\/td>\n<\/tr>\n<tr>\n<td>WALLEY DE OLIVEIRA PEREIRA<\/td>\n<\/tr>\n<tr>\n<td>WASHINGTON DOS ANJOS DE JESUS<\/td>\n<\/tr>\n<tr>\n<td>WELDON RIBEIRO DE OLIVEIRA<\/td>\n<\/tr>\n<tr>\n<td>WELMO REIS ROCHA<\/td>\n<\/tr>\n<tr>\n<td>WHENDER LIMA E SOUZA<\/td>\n<\/tr>\n<tr>\n<td>WILLITON MACHADO FERREIRA<\/td>\n<\/tr>\n<\/tbody>\n<\/table>\n<\/figure>\n<p><strong>GRUPOS COLETIVOS CULTURAIS \u2013 4.1.2 DO EDITAL<\/strong><\/p>\n<figure class=\"wp-block-table\">\n<table>\n<tbody>\n<tr>\n<td>ANDERSON CUNHA SODR\u00c9 (GRUPO DE CAPOEIRA V\u00d4O DA LIBERDADE)<\/td>\n<\/tr>\n<tr>\n<td>\u00a0JORGE DE ALMEIDA CHAVES (TERREIRO S\u00c3O LAZARO TOMBENCI NETO, F\u00c9 E RAZ\u00c3O)<\/td>\n<\/tr>\n<tr>\n<td>EUDES REGINALDO DOS SANTOS (TERREIRO KAJA TOMBENCY BISNETO TOMBENCI)<\/td>\n<\/tr>\n<tr>\n<td>CLAUDIONOR SILVA PIRES (IL\u00ca AX\u00c9 OXAL\u00c1 TOMBENCI NETO)<\/td>\n<\/tr>\n<tr>\n<td>MIRALVA PEREIRA BARROS (ASSOCIA\u00c7\u00c3O DOS ARTES\u00c3OS \u2013ARTESANATO CATOL\u00c9)<\/td>\n<\/tr>\n<\/tbody>\n<\/table>\n<\/figure>\n<p><strong>GRUPOS COLETIVOS CULTURAIS \u2013 4.1.4 DO EDITAL<\/strong><\/p>\n<figure class=\"wp-block-table\">\n<table>\n<tbody>\n<tr>\n<td>ALAN DOS SANTOS SANTANA (FILARM\u00d4NICA PEDRA BRANCA)<\/td>\n<\/tr>\n<tr>\n<td>MARIA SENHORA RODRIGUES DOS SANTOS(GRUPO DE CAPOEIRA TEMPO DE LIBERTA\u00c7\u00c3O)<\/td>\n<\/tr>\n<tr>\n<td>SUELY SILVA SOUZA( GRUPO DE CAPOEIRA LEMBRAN\u00c7A VIVA DE ZUMBI)<\/td>\n<\/tr>\n<tr>\n<td>ALESSANDRO SANTOS SILVA (ASSOCIA\u00c7\u00c3O DESPORTIVA ARTE BRASILEIRA)<\/td>\n<\/tr>\n<tr>\n<td>GILVAM AMARAL DA SILVA (ESPA\u00c7O CULTURAL JO\u00c3O GILBERTO)<\/td>\n<\/tr>\n<\/tbody>\n<\/table>\n<\/figure>\n<p><strong>ESPA\u00c7OS CULTURAIS \u2013 4.1.3<\/strong><\/p>\n<figure class=\"wp-block-table\">\n<table>\n<tbody>\n<tr>\n<td>JOSEMAR SANTOS DE JESUS (DINA CARDOSO ESCOLA DE DAN\u00c7A)<\/td>\n<\/tr>\n<tr>\n<td>DEBORA FERREIRA SOUZA\u00a0 (SPA\u00c7O FEST)<\/td>\n<\/tr>\n<tr>\n<td>BERNARDO ASSIS NETO (EST\u00daDIO E SONORIZA\u00c7\u00c3O BEDA SOM)<\/td>\n<\/tr>\n<tr>\n<td>ANA CLARA NUNES DE OLIVEIRA FERREIRA (ESTUDIO E SONORIZA\u00c7\u00c3O W SOM)<\/td>\n<\/tr>\n<tr>\n<td>DINIZ C\u00c1CIA DOS SANTOS FIHO( ASSOCIA\u00c7\u00c3O COMUNIT\u00c1RIA ITAPETINGUENSSE JOAO FELIZ NETO)<\/td>\n<\/tr>\n<\/tbody>\n<\/table>\n<\/figure>\n","protected":false},"excerpt":{"rendered":"<p>Nesta segunda-feira, 11, a Comiss\u00e3o Gestora de Acompanhamento e Fiscaliza\u00e7\u00e3o da Lei Aldir Blanc reuniu-se na Biblioteca Municipal para an\u00e1lise das inscri\u00e7\u00f5es no edital que visa a sele\u00e7\u00e3o dos agentes e centros de cultura que pleitearam o benef\u00edcio emergencial para o setor. Em Itapetinga, mais de 550 mil reais ser\u00e3o destinados aos artistas, grupos e [&hellip;]<\/p>\n","protected":false},"author":2,"featured_media":92536,"comment_status":"open","ping_status":"open","sticky":false,"template":"","format":"standard","meta":{"footnotes":"","_links_to":"","_links_to_target":""},"categories":[1],"tags":[],"class_list":["post-92533","post","type-post","status-publish","format-standard","has-post-thumbnail","hentry","category-geral"],"views":1062,"_links":{"self":[{"href":"https:\/\/www.sudoestehoje.com.br\/novoportal\/wp-json\/wp\/v2\/posts\/92533","targetHints":{"allow":["GET"]}}],"collection":[{"href":"https:\/\/www.sudoestehoje.com.br\/novoportal\/wp-json\/wp\/v2\/posts"}],"about":[{"href":"https:\/\/www.sudoestehoje.com.br\/novoportal\/wp-json\/wp\/v2\/types\/post"}],"author":[{"embeddable":true,"href":"https:\/\/www.sudoestehoje.com.br\/novoportal\/wp-json\/wp\/v2\/users\/2"}],"replies":[{"embeddable":true,"href":"https:\/\/www.sudoestehoje.com.br\/novoportal\/wp-json\/wp\/v2\/comments?post=92533"}],"version-history":[{"count":3,"href":"https:\/\/www.sudoestehoje.com.br\/novoportal\/wp-json\/wp\/v2\/posts\/92533\/revisions"}],"predecessor-version":[{"id":92537,"href":"https:\/\/www.sudoestehoje.com.br\/novoportal\/wp-json\/wp\/v2\/posts\/92533\/revisions\/92537"}],"wp:featuredmedia":[{"embeddable":true,"href":"https:\/\/www.sudoestehoje.com.br\/novoportal\/wp-json\/wp\/v2\/media\/92536"}],"wp:attachment":[{"href":"https:\/\/www.sudoestehoje.com.br\/novoportal\/wp-json\/wp\/v2\/media?parent=92533"}],"wp:term":[{"taxonomy":"category","embeddable":true,"href":"https:\/\/www.sudoestehoje.com.br\/novoportal\/wp-json\/wp\/v2\/categories?post=92533"},{"taxonomy":"post_tag","embeddable":true,"href":"https:\/\/www.sudoestehoje.com.br\/novoportal\/wp-json\/wp\/v2\/tags?post=92533"}],"curies":[{"name":"wp","href":"https:\/\/api.w.org\/{rel}","templated":true}]}}