
{"id":92529,"date":"2021-01-12T20:10:38","date_gmt":"2021-01-12T23:10:38","guid":{"rendered":"https:\/\/www.sudoestehoje.com.br\/novoportal\/?p=92529"},"modified":"2021-01-12T20:10:38","modified_gmt":"2021-01-12T23:10:38","slug":"vacina-coronavac-so-tem-eficacia-de-5038","status":"publish","type":"post","link":"https:\/\/www.sudoestehoje.com.br\/novoportal\/2021\/01\/12\/vacina-coronavac-so-tem-eficacia-de-5038\/","title":{"rendered":"VACINA CORONAVAC S\u00d3 TEM EFIC\u00c1CIA DE 50,38%"},"content":{"rendered":"<p><a href=\"https:\/\/www.sudoestehoje.com.br\/novoportal\/wp-content\/uploads\/2021\/01\/coronavac-960x540-1.jpg\"><img loading=\"lazy\" decoding=\"async\" class=\"aligncenter size-medium wp-image-92531\" src=\"https:\/\/www.sudoestehoje.com.br\/novoportal\/wp-content\/uploads\/2021\/01\/coronavac-960x540-1-500x281.jpg\" alt=\"\" width=\"500\" height=\"281\" srcset=\"https:\/\/www.sudoestehoje.com.br\/novoportal\/wp-content\/uploads\/2021\/01\/coronavac-960x540-1-500x281.jpg 500w, https:\/\/www.sudoestehoje.com.br\/novoportal\/wp-content\/uploads\/2021\/01\/coronavac-960x540-1-700x394.jpg 700w, https:\/\/www.sudoestehoje.com.br\/novoportal\/wp-content\/uploads\/2021\/01\/coronavac-960x540-1-768x432.jpg 768w, https:\/\/www.sudoestehoje.com.br\/novoportal\/wp-content\/uploads\/2021\/01\/coronavac-960x540-1.jpg 960w\" sizes=\"auto, (max-width: 500px) 100vw, 500px\" \/><\/a><\/p>\n<p>A\u00a0vacina contra a covid-19\u00a0desenvolvida pelo\u00a0laborat\u00f3rio chin\u00eas Sinovac\u00a0em parceria com o Instituto Butantan tem uma taxa de efic\u00e1cia global de 50,38%.<\/p>\n<p>Na semana passada, o Governo de S\u00e3o Paulo e o Instituto Butantan anunciaram que a Coronavac tinha\u00a078% de prote\u00e7\u00e3o para casos leves e moderados.<\/p>\n<p>A divulga\u00e7\u00e3o de dados incompletos gerou desconfian\u00e7a entre parcela da popula\u00e7\u00e3o e motivou cr\u00edticas mesmo entre a comunidade cient\u00edfica.<\/p>\n<p>A efic\u00e1cia global divulgada nesta ter\u00e7a \u00e9 a capacidade de redu\u00e7\u00e3o de riscos de contrair a doen\u00e7a se receber a vacina em rela\u00e7\u00e3o ao grupo placebo.<\/p>\n","protected":false},"excerpt":{"rendered":"<p>A\u00a0vacina contra a covid-19\u00a0desenvolvida pelo\u00a0laborat\u00f3rio chin\u00eas Sinovac\u00a0em parceria com o Instituto Butantan tem uma taxa de efic\u00e1cia global de 50,38%. Na semana passada, o Governo de S\u00e3o Paulo e o Instituto Butantan anunciaram que a Coronavac tinha\u00a078% de prote\u00e7\u00e3o para casos leves e moderados. A divulga\u00e7\u00e3o de dados incompletos gerou desconfian\u00e7a entre parcela da popula\u00e7\u00e3o [&hellip;]<\/p>\n","protected":false},"author":2,"featured_media":92531,"comment_status":"open","ping_status":"open","sticky":false,"template":"","format":"standard","meta":{"footnotes":"","_links_to":"","_links_to_target":""},"categories":[1],"tags":[],"class_list":["post-92529","post","type-post","status-publish","format-standard","has-post-thumbnail","hentry","category-geral"],"views":769,"_links":{"self":[{"href":"https:\/\/www.sudoestehoje.com.br\/novoportal\/wp-json\/wp\/v2\/posts\/92529","targetHints":{"allow":["GET"]}}],"collection":[{"href":"https:\/\/www.sudoestehoje.com.br\/novoportal\/wp-json\/wp\/v2\/posts"}],"about":[{"href":"https:\/\/www.sudoestehoje.com.br\/novoportal\/wp-json\/wp\/v2\/types\/post"}],"author":[{"embeddable":true,"href":"https:\/\/www.sudoestehoje.com.br\/novoportal\/wp-json\/wp\/v2\/users\/2"}],"replies":[{"embeddable":true,"href":"https:\/\/www.sudoestehoje.com.br\/novoportal\/wp-json\/wp\/v2\/comments?post=92529"}],"version-history":[{"count":2,"href":"https:\/\/www.sudoestehoje.com.br\/novoportal\/wp-json\/wp\/v2\/posts\/92529\/revisions"}],"predecessor-version":[{"id":92532,"href":"https:\/\/www.sudoestehoje.com.br\/novoportal\/wp-json\/wp\/v2\/posts\/92529\/revisions\/92532"}],"wp:featuredmedia":[{"embeddable":true,"href":"https:\/\/www.sudoestehoje.com.br\/novoportal\/wp-json\/wp\/v2\/media\/92531"}],"wp:attachment":[{"href":"https:\/\/www.sudoestehoje.com.br\/novoportal\/wp-json\/wp\/v2\/media?parent=92529"}],"wp:term":[{"taxonomy":"category","embeddable":true,"href":"https:\/\/www.sudoestehoje.com.br\/novoportal\/wp-json\/wp\/v2\/categories?post=92529"},{"taxonomy":"post_tag","embeddable":true,"href":"https:\/\/www.sudoestehoje.com.br\/novoportal\/wp-json\/wp\/v2\/tags?post=92529"}],"curies":[{"name":"wp","href":"https:\/\/api.w.org\/{rel}","templated":true}]}}