
{"id":92519,"date":"2021-01-11T23:17:43","date_gmt":"2021-01-12T02:17:43","guid":{"rendered":"https:\/\/www.sudoestehoje.com.br\/novoportal\/?p=92519"},"modified":"2021-01-11T23:17:43","modified_gmt":"2021-01-12T02:17:43","slug":"feriado-de-carnaval-esta-mantido-e-festa-fica-a-cargo-dos-governadores-diz-ministro","status":"publish","type":"post","link":"https:\/\/www.sudoestehoje.com.br\/novoportal\/2021\/01\/11\/feriado-de-carnaval-esta-mantido-e-festa-fica-a-cargo-dos-governadores-diz-ministro\/","title":{"rendered":"FERIADO DE CARNAVAL EST\u00c1 MANTIDO E FESTA FICA A CARGO DOS GOVERNADORES, DIZ MINISTRO"},"content":{"rendered":"<p><a href=\"https:\/\/www.sudoestehoje.com.br\/novoportal\/wp-content\/uploads\/2021\/01\/CARNA.jpg\"><img loading=\"lazy\" decoding=\"async\" class=\"aligncenter size-medium wp-image-92521\" src=\"https:\/\/www.sudoestehoje.com.br\/novoportal\/wp-content\/uploads\/2021\/01\/CARNA-500x311.jpg\" alt=\"\" width=\"500\" height=\"311\" srcset=\"https:\/\/www.sudoestehoje.com.br\/novoportal\/wp-content\/uploads\/2021\/01\/CARNA-500x311.jpg 500w, https:\/\/www.sudoestehoje.com.br\/novoportal\/wp-content\/uploads\/2021\/01\/CARNA-700x436.jpg 700w, https:\/\/www.sudoestehoje.com.br\/novoportal\/wp-content\/uploads\/2021\/01\/CARNA-768x478.jpg 768w, https:\/\/www.sudoestehoje.com.br\/novoportal\/wp-content\/uploads\/2021\/01\/CARNA.jpg 940w\" sizes=\"auto, (max-width: 500px) 100vw, 500px\" \/><\/a><\/p>\n<p>O governo federal decidiu manter o feriado do Carnaval deste ano, apesar da possibilidade de n\u00e3o haver a comemora\u00e7\u00e3o em virtude da pandemia do novo coronav\u00edrus. Em entrevista ao SBT nesta segunda-feira (11), o ministro do Turismo, Gilson Machado, disse que a \u201cfesta profana\u201d vai ficar \u201ca cargo dos governadores\u201d.<\/p>\n<p>\u201cQuem estava indeciso se ia comprar um pacote tur\u00edstico, uma passagem a\u00e9rea, fique sabendo que o nosso governo n\u00e3o vai fazer nada para proibir o feriado do Carnaval. Agora, a festa do Carnaval, que \u00e9 uma festa profana e todo mundo sabe, fica a cargo dos governadores\u201d, disse.<\/p>\n<p>Apesar da declara\u00e7\u00e3o, o ministro afirmou que secret\u00e1rios de turismo e governadores j\u00e1 mostram em conversas que \u201cinfelizmente, n\u00e3o temos seguran\u00e7a sanit\u00e1ria para fazer aglomera\u00e7\u00e3o do tamanho que o carnaval faz ainda\u201d.<\/p>\n","protected":false},"excerpt":{"rendered":"<p>O governo federal decidiu manter o feriado do Carnaval deste ano, apesar da possibilidade de n\u00e3o haver a comemora\u00e7\u00e3o em virtude da pandemia do novo coronav\u00edrus. Em entrevista ao SBT nesta segunda-feira (11), o ministro do Turismo, Gilson Machado, disse que a \u201cfesta profana\u201d vai ficar \u201ca cargo dos governadores\u201d. \u201cQuem estava indeciso se ia [&hellip;]<\/p>\n","protected":false},"author":2,"featured_media":92521,"comment_status":"open","ping_status":"open","sticky":false,"template":"","format":"standard","meta":{"footnotes":"","_links_to":"","_links_to_target":""},"categories":[1],"tags":[],"class_list":["post-92519","post","type-post","status-publish","format-standard","has-post-thumbnail","hentry","category-geral"],"views":1232,"_links":{"self":[{"href":"https:\/\/www.sudoestehoje.com.br\/novoportal\/wp-json\/wp\/v2\/posts\/92519","targetHints":{"allow":["GET"]}}],"collection":[{"href":"https:\/\/www.sudoestehoje.com.br\/novoportal\/wp-json\/wp\/v2\/posts"}],"about":[{"href":"https:\/\/www.sudoestehoje.com.br\/novoportal\/wp-json\/wp\/v2\/types\/post"}],"author":[{"embeddable":true,"href":"https:\/\/www.sudoestehoje.com.br\/novoportal\/wp-json\/wp\/v2\/users\/2"}],"replies":[{"embeddable":true,"href":"https:\/\/www.sudoestehoje.com.br\/novoportal\/wp-json\/wp\/v2\/comments?post=92519"}],"version-history":[{"count":2,"href":"https:\/\/www.sudoestehoje.com.br\/novoportal\/wp-json\/wp\/v2\/posts\/92519\/revisions"}],"predecessor-version":[{"id":92522,"href":"https:\/\/www.sudoestehoje.com.br\/novoportal\/wp-json\/wp\/v2\/posts\/92519\/revisions\/92522"}],"wp:featuredmedia":[{"embeddable":true,"href":"https:\/\/www.sudoestehoje.com.br\/novoportal\/wp-json\/wp\/v2\/media\/92521"}],"wp:attachment":[{"href":"https:\/\/www.sudoestehoje.com.br\/novoportal\/wp-json\/wp\/v2\/media?parent=92519"}],"wp:term":[{"taxonomy":"category","embeddable":true,"href":"https:\/\/www.sudoestehoje.com.br\/novoportal\/wp-json\/wp\/v2\/categories?post=92519"},{"taxonomy":"post_tag","embeddable":true,"href":"https:\/\/www.sudoestehoje.com.br\/novoportal\/wp-json\/wp\/v2\/tags?post=92519"}],"curies":[{"name":"wp","href":"https:\/\/api.w.org\/{rel}","templated":true}]}}