
{"id":92516,"date":"2021-01-11T22:59:15","date_gmt":"2021-01-12T01:59:15","guid":{"rendered":"https:\/\/www.sudoestehoje.com.br\/novoportal\/?p=92516"},"modified":"2021-01-11T22:59:15","modified_gmt":"2021-01-12T01:59:15","slug":"itapetinga-morre-anelene-setenta-esposa-do-pecuarista-joaquim-hortelio","status":"publish","type":"post","link":"https:\/\/www.sudoestehoje.com.br\/novoportal\/2021\/01\/11\/itapetinga-morre-anelene-setenta-esposa-do-pecuarista-joaquim-hortelio\/","title":{"rendered":"ITAPETINGA: MORRE ANELENE SETENTA, ESPOSA DO PECUARISTA JOAQUIM HORT\u00c9LIO"},"content":{"rendered":"<p><a href=\"https:\/\/www.sudoestehoje.com.br\/novoportal\/wp-content\/uploads\/2021\/01\/luto.jpg\"><img loading=\"lazy\" decoding=\"async\" class=\"aligncenter size-medium wp-image-92517\" src=\"https:\/\/www.sudoestehoje.com.br\/novoportal\/wp-content\/uploads\/2021\/01\/luto-500x333.jpg\" alt=\"\" width=\"500\" height=\"333\" srcset=\"https:\/\/www.sudoestehoje.com.br\/novoportal\/wp-content\/uploads\/2021\/01\/luto-500x333.jpg 500w, https:\/\/www.sudoestehoje.com.br\/novoportal\/wp-content\/uploads\/2021\/01\/luto.jpg 690w\" sizes=\"auto, (max-width: 500px) 100vw, 500px\" \/><\/a><\/p>\n<p>Comunicamos o falecimento de Anelene Setenta Hort\u00e9lio, esposa do pecuarista Joaquim Hort\u00e9lio, ocorrido em Salvador, nesta segunda-feira (11).<\/p>\n<p>Segundo informa\u00e7\u00f5es de amigos da fam\u00edlia, Anelene estava em tratamento de enfermidade, quando sofreu um AVC e veio a \u00f3bito.<\/p>\n<p>Os familiares ainda n\u00e3o deram informa\u00e7\u00f5es sobre o funeral.<\/p>\n<p>O <em>Sudoeste Hoje<\/em>, na pessoa do seu editor, lamenta profundamente a perda da amiga e manifesta as suas condol\u00eancias \u00e0 fam\u00edlia enlutada.<\/p>\n<p><strong><em>Por Davi Ferraz<\/em><\/strong><\/p>\n","protected":false},"excerpt":{"rendered":"<p>Comunicamos o falecimento de Anelene Setenta Hort\u00e9lio, esposa do pecuarista Joaquim Hort\u00e9lio, ocorrido em Salvador, nesta segunda-feira (11). Segundo informa\u00e7\u00f5es de amigos da fam\u00edlia, Anelene estava em tratamento de enfermidade, quando sofreu um AVC e veio a \u00f3bito. Os familiares ainda n\u00e3o deram informa\u00e7\u00f5es sobre o funeral. O Sudoeste Hoje, na pessoa do seu editor, [&hellip;]<\/p>\n","protected":false},"author":2,"featured_media":92517,"comment_status":"open","ping_status":"open","sticky":false,"template":"","format":"standard","meta":{"footnotes":"","_links_to":"","_links_to_target":""},"categories":[1],"tags":[],"class_list":["post-92516","post","type-post","status-publish","format-standard","has-post-thumbnail","hentry","category-geral"],"views":2627,"_links":{"self":[{"href":"https:\/\/www.sudoestehoje.com.br\/novoportal\/wp-json\/wp\/v2\/posts\/92516","targetHints":{"allow":["GET"]}}],"collection":[{"href":"https:\/\/www.sudoestehoje.com.br\/novoportal\/wp-json\/wp\/v2\/posts"}],"about":[{"href":"https:\/\/www.sudoestehoje.com.br\/novoportal\/wp-json\/wp\/v2\/types\/post"}],"author":[{"embeddable":true,"href":"https:\/\/www.sudoestehoje.com.br\/novoportal\/wp-json\/wp\/v2\/users\/2"}],"replies":[{"embeddable":true,"href":"https:\/\/www.sudoestehoje.com.br\/novoportal\/wp-json\/wp\/v2\/comments?post=92516"}],"version-history":[{"count":1,"href":"https:\/\/www.sudoestehoje.com.br\/novoportal\/wp-json\/wp\/v2\/posts\/92516\/revisions"}],"predecessor-version":[{"id":92518,"href":"https:\/\/www.sudoestehoje.com.br\/novoportal\/wp-json\/wp\/v2\/posts\/92516\/revisions\/92518"}],"wp:featuredmedia":[{"embeddable":true,"href":"https:\/\/www.sudoestehoje.com.br\/novoportal\/wp-json\/wp\/v2\/media\/92517"}],"wp:attachment":[{"href":"https:\/\/www.sudoestehoje.com.br\/novoportal\/wp-json\/wp\/v2\/media?parent=92516"}],"wp:term":[{"taxonomy":"category","embeddable":true,"href":"https:\/\/www.sudoestehoje.com.br\/novoportal\/wp-json\/wp\/v2\/categories?post=92516"},{"taxonomy":"post_tag","embeddable":true,"href":"https:\/\/www.sudoestehoje.com.br\/novoportal\/wp-json\/wp\/v2\/tags?post=92516"}],"curies":[{"name":"wp","href":"https:\/\/api.w.org\/{rel}","templated":true}]}}