
{"id":92510,"date":"2021-01-11T18:19:26","date_gmt":"2021-01-11T21:19:26","guid":{"rendered":"https:\/\/www.sudoestehoje.com.br\/novoportal\/?p=92510"},"modified":"2021-01-11T21:49:31","modified_gmt":"2021-01-12T00:49:31","slug":"for-decide-fechar-todas-as-suas-fabricas-no-brasil-inclusive-a-de-camacari-na-bahia","status":"publish","type":"post","link":"https:\/\/www.sudoestehoje.com.br\/novoportal\/2021\/01\/11\/for-decide-fechar-todas-as-suas-fabricas-no-brasil-inclusive-a-de-camacari-na-bahia\/","title":{"rendered":"FORD DECIDE FECHAR TODAS AS SUAS F\u00c1BRICAS NO BRASIL, INCLUSIVE A DE CAMA\u00c7ARI, NA BAHIA"},"content":{"rendered":"<p><a href=\"https:\/\/www.sudoestehoje.com.br\/novoportal\/wp-content\/uploads\/2021\/01\/ford-fabrica-04082020225402114.jpeg\"><img loading=\"lazy\" decoding=\"async\" class=\"aligncenter size-medium wp-image-92511\" src=\"https:\/\/www.sudoestehoje.com.br\/novoportal\/wp-content\/uploads\/2021\/01\/ford-fabrica-04082020225402114-500x272.jpeg\" alt=\"\" width=\"500\" height=\"272\" srcset=\"https:\/\/www.sudoestehoje.com.br\/novoportal\/wp-content\/uploads\/2021\/01\/ford-fabrica-04082020225402114-500x272.jpeg 500w, https:\/\/www.sudoestehoje.com.br\/novoportal\/wp-content\/uploads\/2021\/01\/ford-fabrica-04082020225402114-700x381.jpeg 700w, https:\/\/www.sudoestehoje.com.br\/novoportal\/wp-content\/uploads\/2021\/01\/ford-fabrica-04082020225402114-768x418.jpeg 768w, https:\/\/www.sudoestehoje.com.br\/novoportal\/wp-content\/uploads\/2021\/01\/ford-fabrica-04082020225402114.jpeg 771w\" sizes=\"auto, (max-width: 500px) 100vw, 500px\" \/><\/a><\/p>\n<p>A Ford decidiu fechar tr\u00eas plantas de produ\u00e7\u00e3o no Brasil, nesta segunda-feira (11). No pa\u00eds, ser\u00e3o mantidos apenas o Centro de Desenvolvimento de Produtos, em Cama\u00e7ari, que ter\u00e1 sua f\u00e1brica fechada, e o Campo de Provas e sua sede regional, ambos em S\u00e3o Paulo.<\/p>\n<p>Os ve\u00edculos comercializados no mercado brasileiro passam a ser produzidos nas plantas na Argentina e Uruguai, al\u00e9m de importa\u00e7\u00f5es de outras regi\u00f5es.<\/p>\n<p>\u201cA Ford est\u00e1 presente h\u00e1 mais de um s\u00e9culo na Am\u00e9rica do Sul e no Brasil e sabemos que essas s\u00e3o a\u00e7\u00f5es muito dif\u00edceis, mas necess\u00e1rias, para a cria\u00e7\u00e3o de um neg\u00f3cio saud\u00e1vel e sustent\u00e1vel\u201d, disse Jim Farley, presidente e CEO da Ford. \u201cEstamos mudando para um modelo de neg\u00f3cios \u00e1gil e enxuto ao encerrar a produ\u00e7\u00e3o no Brasil, atendendo nossos consumidores com alguns dos produtos mais empolgantes do nosso portf\u00f3lio global&#8221;, disse a empresa em comunicado.<\/p>\n<p>A empresa tamb\u00e9m disse que atender\u00e1 a regi\u00e3o com seu portf\u00f3lio global de produtos, incluindo alguns\u00a0dos ve\u00edculos mais conhecidos da marca como a nova picape Ranger produzida na Argentina, a nova Transit, o Bronco, o Mustang Mach 1, e planeja acelerar o lan\u00e7amento de diversos novos modelos conectados e eletrificados.<\/p>\n<p>&#8220;A Ford mant\u00e9m assist\u00eancia total ao consumidor com opera\u00e7\u00f5es de vendas, servi\u00e7os, pe\u00e7as de reposi\u00e7\u00e3o e garantia para seus clientes no Brasil e na Am\u00e9rica do Sul. A empresa tamb\u00e9m manter\u00e1 o Centro de Desenvolvimento de Produto, na Bahia, o Campo de Provas, em Tatu\u00ed (SP), e sua sede regional em S\u00e3o Paulo&#8221;, acrescenta.<\/p>\n","protected":false},"excerpt":{"rendered":"<p>A Ford decidiu fechar tr\u00eas plantas de produ\u00e7\u00e3o no Brasil, nesta segunda-feira (11). No pa\u00eds, ser\u00e3o mantidos apenas o Centro de Desenvolvimento de Produtos, em Cama\u00e7ari, que ter\u00e1 sua f\u00e1brica fechada, e o Campo de Provas e sua sede regional, ambos em S\u00e3o Paulo. Os ve\u00edculos comercializados no mercado brasileiro passam a ser produzidos nas [&hellip;]<\/p>\n","protected":false},"author":2,"featured_media":92511,"comment_status":"open","ping_status":"open","sticky":false,"template":"","format":"standard","meta":{"footnotes":"","_links_to":"","_links_to_target":""},"categories":[1],"tags":[],"class_list":["post-92510","post","type-post","status-publish","format-standard","has-post-thumbnail","hentry","category-geral"],"views":1345,"_links":{"self":[{"href":"https:\/\/www.sudoestehoje.com.br\/novoportal\/wp-json\/wp\/v2\/posts\/92510","targetHints":{"allow":["GET"]}}],"collection":[{"href":"https:\/\/www.sudoestehoje.com.br\/novoportal\/wp-json\/wp\/v2\/posts"}],"about":[{"href":"https:\/\/www.sudoestehoje.com.br\/novoportal\/wp-json\/wp\/v2\/types\/post"}],"author":[{"embeddable":true,"href":"https:\/\/www.sudoestehoje.com.br\/novoportal\/wp-json\/wp\/v2\/users\/2"}],"replies":[{"embeddable":true,"href":"https:\/\/www.sudoestehoje.com.br\/novoportal\/wp-json\/wp\/v2\/comments?post=92510"}],"version-history":[{"count":3,"href":"https:\/\/www.sudoestehoje.com.br\/novoportal\/wp-json\/wp\/v2\/posts\/92510\/revisions"}],"predecessor-version":[{"id":92515,"href":"https:\/\/www.sudoestehoje.com.br\/novoportal\/wp-json\/wp\/v2\/posts\/92510\/revisions\/92515"}],"wp:featuredmedia":[{"embeddable":true,"href":"https:\/\/www.sudoestehoje.com.br\/novoportal\/wp-json\/wp\/v2\/media\/92511"}],"wp:attachment":[{"href":"https:\/\/www.sudoestehoje.com.br\/novoportal\/wp-json\/wp\/v2\/media?parent=92510"}],"wp:term":[{"taxonomy":"category","embeddable":true,"href":"https:\/\/www.sudoestehoje.com.br\/novoportal\/wp-json\/wp\/v2\/categories?post=92510"},{"taxonomy":"post_tag","embeddable":true,"href":"https:\/\/www.sudoestehoje.com.br\/novoportal\/wp-json\/wp\/v2\/tags?post=92510"}],"curies":[{"name":"wp","href":"https:\/\/api.w.org\/{rel}","templated":true}]}}