
{"id":92492,"date":"2021-01-09T20:41:26","date_gmt":"2021-01-09T23:41:26","guid":{"rendered":"https:\/\/www.sudoestehoje.com.br\/novoportal\/?p=92492"},"modified":"2021-01-09T20:41:26","modified_gmt":"2021-01-09T23:41:26","slug":"governo-federal-tera-exclusividade-nas-vacinas-coronavac-do-butantan","status":"publish","type":"post","link":"https:\/\/www.sudoestehoje.com.br\/novoportal\/2021\/01\/09\/governo-federal-tera-exclusividade-nas-vacinas-coronavac-do-butantan\/","title":{"rendered":"GOVERNO FEDERAL TER\u00c1 EXCLUSIVIDADE NAS VACINAS CORONAVAC DO BUTANTAN"},"content":{"rendered":"<p><a href=\"https:\/\/www.sudoestehoje.com.br\/novoportal\/wp-content\/uploads\/2021\/01\/Coronavac-1.jpg\"><img loading=\"lazy\" decoding=\"async\" class=\"aligncenter size-medium wp-image-92494\" src=\"https:\/\/www.sudoestehoje.com.br\/novoportal\/wp-content\/uploads\/2021\/01\/Coronavac-1-500x281.jpg\" alt=\"\" width=\"500\" height=\"281\" srcset=\"https:\/\/www.sudoestehoje.com.br\/novoportal\/wp-content\/uploads\/2021\/01\/Coronavac-1-500x281.jpg 500w, https:\/\/www.sudoestehoje.com.br\/novoportal\/wp-content\/uploads\/2021\/01\/Coronavac-1-700x394.jpg 700w, https:\/\/www.sudoestehoje.com.br\/novoportal\/wp-content\/uploads\/2021\/01\/Coronavac-1-768x432.jpg 768w, https:\/\/www.sudoestehoje.com.br\/novoportal\/wp-content\/uploads\/2021\/01\/Coronavac-1.jpg 1280w\" sizes=\"auto, (max-width: 500px) 100vw, 500px\" \/><\/a><\/p>\n<p>O Minist\u00e9rio da Sa\u00fade e o Instituto Butantan decidiram que todas as doses da vacina CoronaVac, produzida em parceria com a chinesa Sinovac contra a Covid-19, ser\u00e1 de distribui\u00e7\u00e3o exclusiva do Sistema \u00danico de Sa\u00fade (SUS).<\/p>\n<p>Com isso, a vacina fica proibida de ser comercializada e vendida por cl\u00ednicas particulares. O Minist\u00e9rio assinou um\u00a0 contrato para a compra de 46 milh\u00f5es de doses do imunizante.<\/p>\n<p>De acordo com o Minist\u00e9rio da Sa\u00fade, a vacina\u00e7\u00e3o ocorrer\u00e1 simultaneamente em todos os estados brasileiros, de acordo com o Plano Nacional de Vacina\u00e7\u00e3o.<\/p>\n","protected":false},"excerpt":{"rendered":"<p>O Minist\u00e9rio da Sa\u00fade e o Instituto Butantan decidiram que todas as doses da vacina CoronaVac, produzida em parceria com a chinesa Sinovac contra a Covid-19, ser\u00e1 de distribui\u00e7\u00e3o exclusiva do Sistema \u00danico de Sa\u00fade (SUS). Com isso, a vacina fica proibida de ser comercializada e vendida por cl\u00ednicas particulares. O Minist\u00e9rio assinou um\u00a0 contrato [&hellip;]<\/p>\n","protected":false},"author":2,"featured_media":92494,"comment_status":"open","ping_status":"open","sticky":false,"template":"","format":"standard","meta":{"footnotes":"","_links_to":"","_links_to_target":""},"categories":[1],"tags":[],"class_list":["post-92492","post","type-post","status-publish","format-standard","has-post-thumbnail","hentry","category-geral"],"views":783,"_links":{"self":[{"href":"https:\/\/www.sudoestehoje.com.br\/novoportal\/wp-json\/wp\/v2\/posts\/92492","targetHints":{"allow":["GET"]}}],"collection":[{"href":"https:\/\/www.sudoestehoje.com.br\/novoportal\/wp-json\/wp\/v2\/posts"}],"about":[{"href":"https:\/\/www.sudoestehoje.com.br\/novoportal\/wp-json\/wp\/v2\/types\/post"}],"author":[{"embeddable":true,"href":"https:\/\/www.sudoestehoje.com.br\/novoportal\/wp-json\/wp\/v2\/users\/2"}],"replies":[{"embeddable":true,"href":"https:\/\/www.sudoestehoje.com.br\/novoportal\/wp-json\/wp\/v2\/comments?post=92492"}],"version-history":[{"count":3,"href":"https:\/\/www.sudoestehoje.com.br\/novoportal\/wp-json\/wp\/v2\/posts\/92492\/revisions"}],"predecessor-version":[{"id":92496,"href":"https:\/\/www.sudoestehoje.com.br\/novoportal\/wp-json\/wp\/v2\/posts\/92492\/revisions\/92496"}],"wp:featuredmedia":[{"embeddable":true,"href":"https:\/\/www.sudoestehoje.com.br\/novoportal\/wp-json\/wp\/v2\/media\/92494"}],"wp:attachment":[{"href":"https:\/\/www.sudoestehoje.com.br\/novoportal\/wp-json\/wp\/v2\/media?parent=92492"}],"wp:term":[{"taxonomy":"category","embeddable":true,"href":"https:\/\/www.sudoestehoje.com.br\/novoportal\/wp-json\/wp\/v2\/categories?post=92492"},{"taxonomy":"post_tag","embeddable":true,"href":"https:\/\/www.sudoestehoje.com.br\/novoportal\/wp-json\/wp\/v2\/tags?post=92492"}],"curies":[{"name":"wp","href":"https:\/\/api.w.org\/{rel}","templated":true}]}}