
{"id":92487,"date":"2021-01-09T20:13:55","date_gmt":"2021-01-09T23:13:55","guid":{"rendered":"https:\/\/www.sudoestehoje.com.br\/novoportal\/?p=92487"},"modified":"2021-01-09T20:13:55","modified_gmt":"2021-01-09T23:13:55","slug":"bahia-registrou-meio-milhao-de-infectados-pela-covid-19-e-mais-de-9-mil-mortes","status":"publish","type":"post","link":"https:\/\/www.sudoestehoje.com.br\/novoportal\/2021\/01\/09\/bahia-registrou-meio-milhao-de-infectados-pela-covid-19-e-mais-de-9-mil-mortes\/","title":{"rendered":"BAHIA REGISTROU MEIO MILH\u00c3O DE INFECTADOS PELA COVID-19 E MAIS DE 9 MIL MORTES"},"content":{"rendered":"<div class=\"mc-column content-text active-extra-styles \" data-block-type=\"unstyled\" data-block-weight=\"28\" data-block-id=\"2\">\n<p data-track-category=\"Link no Texto\" data-track-links=\"\"><a href=\"https:\/\/www.sudoestehoje.com.br\/novoportal\/wp-content\/uploads\/2021\/01\/LEITOS-COVID.jpg\"><img loading=\"lazy\" decoding=\"async\" class=\"aligncenter size-medium wp-image-92488\" src=\"https:\/\/www.sudoestehoje.com.br\/novoportal\/wp-content\/uploads\/2021\/01\/LEITOS-COVID-500x313.jpg\" alt=\"\" width=\"500\" height=\"313\" srcset=\"https:\/\/www.sudoestehoje.com.br\/novoportal\/wp-content\/uploads\/2021\/01\/LEITOS-COVID-500x313.jpg 500w, https:\/\/www.sudoestehoje.com.br\/novoportal\/wp-content\/uploads\/2021\/01\/LEITOS-COVID-700x438.jpg 700w, https:\/\/www.sudoestehoje.com.br\/novoportal\/wp-content\/uploads\/2021\/01\/LEITOS-COVID-768x481.jpg 768w, https:\/\/www.sudoestehoje.com.br\/novoportal\/wp-content\/uploads\/2021\/01\/LEITOS-COVID.jpg 984w\" sizes=\"auto, (max-width: 500px) 100vw, 500px\" \/><\/a><\/p>\n<p class=\"content-text__container \" data-track-category=\"Link no Texto\" data-track-links=\"\">A Bahia registrou 2.497 novos casos de Covid-19 nas \u00faltimas 24 horas, de acordo com as informa\u00e7\u00f5es divulgadas neste s\u00e1bado (9), pela Secretaria da Sa\u00fade do Estado (Sesab).<\/p>\n<\/div>\n<div class=\"wall protected-content\">\n<div class=\"mc-column content-text active-extra-styles \" data-block-type=\"unstyled\" data-block-weight=\"39\" data-block-id=\"3\">\n<p class=\"content-text__container \" data-track-category=\"Link no Texto\" data-track-links=\"\">O boletim ainda registra 28 novos \u00f3bitos, ocorridos em diversas datas.\u00a0<span class=\"highlight highlighted\">Desde o in\u00edcio da pandemia, 9.392 pessoas morreram na Bahia por complica\u00e7\u00f5es da Covid-19<\/span>. Apesar do registro de mortes, a taxa de letalidade segue est\u00e1vel, em de 1,84%.<\/p>\n<\/div>\n<div class=\"mc-column content-text active-extra-styles \" data-block-type=\"unstyled\" data-block-weight=\"22\" data-block-id=\"4\">\n<p class=\"content-text__container \" data-track-category=\"Link no Texto\" data-track-links=\"\">Ainda segundo o boletim, dos\u00a0<span class=\"highlight highlighted\">511.192 casos confirmados desde o in\u00edcio da pandemia<\/span>, 494.972 j\u00e1 s\u00e3o considerados recuperados, enquanto 6.828 encontram-se ativos.<\/p>\n<\/div>\n<div class=\"mc-column content-text active-extra-styles \" data-block-type=\"unstyled\" data-block-weight=\"47\" data-block-id=\"5\">\n<p class=\"content-text__container \" data-track-category=\"Link no Texto\" data-track-links=\"\">Salvador \u00e9 a cidade com maior n\u00famero de casos positivos, contabilizando 22,42% de todo o estado. Dentre as cidades com os maiores coeficientes de incid\u00eancia (calculando a incid\u00eancia por 100 mil habitantes), est\u00e3o Ibirataia (10.462,38), Muniz Ferreira (8.623,01), Concei\u00e7\u00e3o do Coit\u00e9 (8.528,49), Jucuru\u00e7u (8.163,49) e Pintadas (8.096,20).<\/p>\n<\/div>\n<div class=\"mc-column content-text active-extra-styles \" data-block-type=\"unstyled\" data-block-weight=\"55\" data-block-id=\"6\">\n<p class=\"content-text__container \" data-track-category=\"Link no Texto\" data-track-links=\"\">De acordo com a Sesab, o boletim epidemiol\u00f3gico divulgado registra 900.362 casos descartados e 123.370 em investiga\u00e7\u00e3o. Estes dados representam notifica\u00e7\u00f5es oficiais compiladas pelo Centro de Informa\u00e7\u00f5es Estrat\u00e9gicas em Vigil\u00e2ncia em Sa\u00fade da Bahia (Cievs-BA), em conjunto com os Cievs municipais e as bases de dados do Minist\u00e9rio da Sa\u00fade at\u00e9 as 17h deste s\u00e1bado.<\/p>\n<\/div>\n<div class=\"mc-column content-text active-extra-styles \" data-block-type=\"unstyled\" data-block-weight=\"17\" data-block-id=\"7\">\n<p class=\"content-text__container \" data-track-category=\"Link no Texto\" data-track-links=\"\">Ainda segundo o boletim, 37.531 profissionais da Sa\u00fade testaram positivo para a Covid-19 em todo o estado.<\/p>\n<\/div>\n<\/div>\n","protected":false},"excerpt":{"rendered":"<p>A Bahia registrou 2.497 novos casos de Covid-19 nas \u00faltimas 24 horas, de acordo com as informa\u00e7\u00f5es divulgadas neste s\u00e1bado (9), pela Secretaria da Sa\u00fade do Estado (Sesab). O boletim ainda registra 28 novos \u00f3bitos, ocorridos em diversas datas.\u00a0Desde o in\u00edcio da pandemia, 9.392 pessoas morreram na Bahia por complica\u00e7\u00f5es da Covid-19. Apesar do registro [&hellip;]<\/p>\n","protected":false},"author":2,"featured_media":92488,"comment_status":"open","ping_status":"open","sticky":false,"template":"","format":"standard","meta":{"footnotes":"","_links_to":"","_links_to_target":""},"categories":[1],"tags":[],"class_list":["post-92487","post","type-post","status-publish","format-standard","has-post-thumbnail","hentry","category-geral"],"views":917,"_links":{"self":[{"href":"https:\/\/www.sudoestehoje.com.br\/novoportal\/wp-json\/wp\/v2\/posts\/92487","targetHints":{"allow":["GET"]}}],"collection":[{"href":"https:\/\/www.sudoestehoje.com.br\/novoportal\/wp-json\/wp\/v2\/posts"}],"about":[{"href":"https:\/\/www.sudoestehoje.com.br\/novoportal\/wp-json\/wp\/v2\/types\/post"}],"author":[{"embeddable":true,"href":"https:\/\/www.sudoestehoje.com.br\/novoportal\/wp-json\/wp\/v2\/users\/2"}],"replies":[{"embeddable":true,"href":"https:\/\/www.sudoestehoje.com.br\/novoportal\/wp-json\/wp\/v2\/comments?post=92487"}],"version-history":[{"count":3,"href":"https:\/\/www.sudoestehoje.com.br\/novoportal\/wp-json\/wp\/v2\/posts\/92487\/revisions"}],"predecessor-version":[{"id":92491,"href":"https:\/\/www.sudoestehoje.com.br\/novoportal\/wp-json\/wp\/v2\/posts\/92487\/revisions\/92491"}],"wp:featuredmedia":[{"embeddable":true,"href":"https:\/\/www.sudoestehoje.com.br\/novoportal\/wp-json\/wp\/v2\/media\/92488"}],"wp:attachment":[{"href":"https:\/\/www.sudoestehoje.com.br\/novoportal\/wp-json\/wp\/v2\/media?parent=92487"}],"wp:term":[{"taxonomy":"category","embeddable":true,"href":"https:\/\/www.sudoestehoje.com.br\/novoportal\/wp-json\/wp\/v2\/categories?post=92487"},{"taxonomy":"post_tag","embeddable":true,"href":"https:\/\/www.sudoestehoje.com.br\/novoportal\/wp-json\/wp\/v2\/tags?post=92487"}],"curies":[{"name":"wp","href":"https:\/\/api.w.org\/{rel}","templated":true}]}}