
{"id":92479,"date":"2021-01-09T00:12:40","date_gmt":"2021-01-09T03:12:40","guid":{"rendered":"https:\/\/www.sudoestehoje.com.br\/novoportal\/?p=92479"},"modified":"2021-01-09T00:12:40","modified_gmt":"2021-01-09T03:12:40","slug":"morre-gabriela-rossi-assessora-de-comunicacao-da-fundacao-jose-silveira","status":"publish","type":"post","link":"https:\/\/www.sudoestehoje.com.br\/novoportal\/2021\/01\/09\/morre-gabriela-rossi-assessora-de-comunicacao-da-fundacao-jose-silveira\/","title":{"rendered":"MORRE GABRIELA ROSSI, ASSESSORA DE COMUNICA\u00c7\u00c3O DA FUNDA\u00c7\u00c3O JOS\u00c9 SILVEIRA"},"content":{"rendered":"<p><a href=\"https:\/\/www.sudoestehoje.com.br\/novoportal\/wp-content\/uploads\/2021\/01\/GABRILELA-ROSSI.jpg\"><img loading=\"lazy\" decoding=\"async\" class=\"aligncenter size-medium wp-image-92481\" src=\"https:\/\/www.sudoestehoje.com.br\/novoportal\/wp-content\/uploads\/2021\/01\/GABRILELA-ROSSI-500x334.jpg\" alt=\"\" width=\"500\" height=\"334\" srcset=\"https:\/\/www.sudoestehoje.com.br\/novoportal\/wp-content\/uploads\/2021\/01\/GABRILELA-ROSSI-500x334.jpg 500w, https:\/\/www.sudoestehoje.com.br\/novoportal\/wp-content\/uploads\/2021\/01\/GABRILELA-ROSSI.jpg 600w\" sizes=\"auto, (max-width: 500px) 100vw, 500px\" \/><\/a><\/p>\n<p>Faleceu nesta sexta-feira (8) a jornalista Gabriela Rossi, ex-subeditora do caderno Bazar do jornal Correio. Ela estava em tratamento contra um c\u00e2ncer, tendo que ficar internada por alguns meses. O sepultamento ser\u00e1 amanh\u00e3, no Cemit\u00e9rio do Campo Santo, em Salvador, \u00e0s 10 horas.<\/p>\n<p>Formada em Comunica\u00e7\u00e3o Social na Universidade Federal da Bahia (UFBA), Gabriela, carinhosamente apelidada de Yashay, ocupava as fun\u00e7\u00f5es de jornalista e assessora de imprensa, al\u00e9m de tamb\u00e9m trabalhar como mestra de Reiki e terapeuta hol\u00edstica.<\/p>\n<p><em>\u00a0\u201cMuito mais que uma jornalista competente, Gabriela Rossi era uma pessoa serena e muito carinhosa com todos. Te conquistava em segundos. Nos conhecemos na reda\u00e7\u00e3o do Correio, onde ela foi editora do Caderno de TV e, por indica\u00e7\u00e3o de Isabela Laranjeira, veio para ser a minha subeditora no Bazar. E o seu jeito tranquilo e amoroso era o que a equipe precisava naquele momento de in\u00edcio do suplemento\u201d,<\/em>\u00a0diz Jamil Moreira Castro, amigo da jornalista.<\/p>\n<p>Em nota, a Funda\u00e7\u00e3o Jos\u00e9 Silveira, onde Gabriela trabalhava como assessora de comunica\u00e7\u00e3o, lamentou a morte. <em>\u201cExpressamos nossa solidariedade \u00e0 fam\u00edlia. Tamb\u00e9m nos consideramos como parte afetiva, sendo significativo o nosso luto em mem\u00f3ria \u00e0 colaborada que contribui de forma exemplar e com extrema dedica\u00e7\u00e3o, por mais de 15 anos, na Funda\u00e7\u00e3o Jos\u00e9 Silveira\u201d.<\/em><\/p>\n<p>O Correio juntamente ao Sudoeste Hoje tamb\u00e9m lamentam a morte da jornalista e desejam for\u00e7a aos amigos e familiares.<\/p>\n","protected":false},"excerpt":{"rendered":"<p>Faleceu nesta sexta-feira (8) a jornalista Gabriela Rossi, ex-subeditora do caderno Bazar do jornal Correio. Ela estava em tratamento contra um c\u00e2ncer, tendo que ficar internada por alguns meses. O sepultamento ser\u00e1 amanh\u00e3, no Cemit\u00e9rio do Campo Santo, em Salvador, \u00e0s 10 horas. Formada em Comunica\u00e7\u00e3o Social na Universidade Federal da Bahia (UFBA), Gabriela, carinhosamente [&hellip;]<\/p>\n","protected":false},"author":2,"featured_media":92481,"comment_status":"open","ping_status":"open","sticky":false,"template":"","format":"standard","meta":{"footnotes":"","_links_to":"","_links_to_target":""},"categories":[1],"tags":[],"class_list":["post-92479","post","type-post","status-publish","format-standard","has-post-thumbnail","hentry","category-geral"],"views":1004,"_links":{"self":[{"href":"https:\/\/www.sudoestehoje.com.br\/novoportal\/wp-json\/wp\/v2\/posts\/92479","targetHints":{"allow":["GET"]}}],"collection":[{"href":"https:\/\/www.sudoestehoje.com.br\/novoportal\/wp-json\/wp\/v2\/posts"}],"about":[{"href":"https:\/\/www.sudoestehoje.com.br\/novoportal\/wp-json\/wp\/v2\/types\/post"}],"author":[{"embeddable":true,"href":"https:\/\/www.sudoestehoje.com.br\/novoportal\/wp-json\/wp\/v2\/users\/2"}],"replies":[{"embeddable":true,"href":"https:\/\/www.sudoestehoje.com.br\/novoportal\/wp-json\/wp\/v2\/comments?post=92479"}],"version-history":[{"count":2,"href":"https:\/\/www.sudoestehoje.com.br\/novoportal\/wp-json\/wp\/v2\/posts\/92479\/revisions"}],"predecessor-version":[{"id":92482,"href":"https:\/\/www.sudoestehoje.com.br\/novoportal\/wp-json\/wp\/v2\/posts\/92479\/revisions\/92482"}],"wp:featuredmedia":[{"embeddable":true,"href":"https:\/\/www.sudoestehoje.com.br\/novoportal\/wp-json\/wp\/v2\/media\/92481"}],"wp:attachment":[{"href":"https:\/\/www.sudoestehoje.com.br\/novoportal\/wp-json\/wp\/v2\/media?parent=92479"}],"wp:term":[{"taxonomy":"category","embeddable":true,"href":"https:\/\/www.sudoestehoje.com.br\/novoportal\/wp-json\/wp\/v2\/categories?post=92479"},{"taxonomy":"post_tag","embeddable":true,"href":"https:\/\/www.sudoestehoje.com.br\/novoportal\/wp-json\/wp\/v2\/tags?post=92479"}],"curies":[{"name":"wp","href":"https:\/\/api.w.org\/{rel}","templated":true}]}}