
{"id":92475,"date":"2021-01-09T00:00:32","date_gmt":"2021-01-09T03:00:32","guid":{"rendered":"https:\/\/www.sudoestehoje.com.br\/novoportal\/?p=92475"},"modified":"2021-01-09T00:02:37","modified_gmt":"2021-01-09T03:02:37","slug":"prefeito-e-primeira-dama-de-urucuca-testam-positivo-para-coronavirus","status":"publish","type":"post","link":"https:\/\/www.sudoestehoje.com.br\/novoportal\/2021\/01\/09\/prefeito-e-primeira-dama-de-urucuca-testam-positivo-para-coronavirus\/","title":{"rendered":"PREFEITO E PRIMEIRA-DAMA DE URU\u00c7UCA TESTAM POSITIVO PARA CORONAV\u00cdRUS"},"content":{"rendered":"<p><a href=\"https:\/\/www.sudoestehoje.com.br\/novoportal\/wp-content\/uploads\/2021\/01\/URU\u00c7UCA.jpg\"><img loading=\"lazy\" decoding=\"async\" class=\"aligncenter wp-image-92477\" src=\"https:\/\/www.sudoestehoje.com.br\/novoportal\/wp-content\/uploads\/2021\/01\/URU\u00c7UCA.jpg\" alt=\"\" width=\"501\" height=\"369\" \/><\/a><\/p>\n<p>O prefeito de Uru\u00e7uca, no litoral sul, Moacyr (DEM) e a primeira-dama, Neirilande Ferreira Dias, conhecida como Neire Leite, testaram positivo para a Covid-19 nesta sexta-feira (8).<\/p>\n<p>A informa\u00e7\u00e3o \u00e9 do blog Pol\u00edticos do Sul da Bahia, que informou que ambos est\u00e3o com leves sintomas e encontram-se isolados em casa.<\/p>\n<p>O gestor vai despachar de casa at\u00e9 que seja liberado pela Vigil\u00e2ncia Sanit\u00e1ria do munic\u00edpio.<\/p>\n","protected":false},"excerpt":{"rendered":"<p>O prefeito de Uru\u00e7uca, no litoral sul, Moacyr (DEM) e a primeira-dama, Neirilande Ferreira Dias, conhecida como Neire Leite, testaram positivo para a Covid-19 nesta sexta-feira (8). A informa\u00e7\u00e3o \u00e9 do blog Pol\u00edticos do Sul da Bahia, que informou que ambos est\u00e3o com leves sintomas e encontram-se isolados em casa. O gestor vai despachar de [&hellip;]<\/p>\n","protected":false},"author":2,"featured_media":92477,"comment_status":"open","ping_status":"open","sticky":false,"template":"","format":"standard","meta":{"footnotes":"","_links_to":"","_links_to_target":""},"categories":[1],"tags":[],"class_list":["post-92475","post","type-post","status-publish","format-standard","has-post-thumbnail","hentry","category-geral"],"views":709,"_links":{"self":[{"href":"https:\/\/www.sudoestehoje.com.br\/novoportal\/wp-json\/wp\/v2\/posts\/92475","targetHints":{"allow":["GET"]}}],"collection":[{"href":"https:\/\/www.sudoestehoje.com.br\/novoportal\/wp-json\/wp\/v2\/posts"}],"about":[{"href":"https:\/\/www.sudoestehoje.com.br\/novoportal\/wp-json\/wp\/v2\/types\/post"}],"author":[{"embeddable":true,"href":"https:\/\/www.sudoestehoje.com.br\/novoportal\/wp-json\/wp\/v2\/users\/2"}],"replies":[{"embeddable":true,"href":"https:\/\/www.sudoestehoje.com.br\/novoportal\/wp-json\/wp\/v2\/comments?post=92475"}],"version-history":[{"count":2,"href":"https:\/\/www.sudoestehoje.com.br\/novoportal\/wp-json\/wp\/v2\/posts\/92475\/revisions"}],"predecessor-version":[{"id":92478,"href":"https:\/\/www.sudoestehoje.com.br\/novoportal\/wp-json\/wp\/v2\/posts\/92475\/revisions\/92478"}],"wp:featuredmedia":[{"embeddable":true,"href":"https:\/\/www.sudoestehoje.com.br\/novoportal\/wp-json\/wp\/v2\/media\/92477"}],"wp:attachment":[{"href":"https:\/\/www.sudoestehoje.com.br\/novoportal\/wp-json\/wp\/v2\/media?parent=92475"}],"wp:term":[{"taxonomy":"category","embeddable":true,"href":"https:\/\/www.sudoestehoje.com.br\/novoportal\/wp-json\/wp\/v2\/categories?post=92475"},{"taxonomy":"post_tag","embeddable":true,"href":"https:\/\/www.sudoestehoje.com.br\/novoportal\/wp-json\/wp\/v2\/tags?post=92475"}],"curies":[{"name":"wp","href":"https:\/\/api.w.org\/{rel}","templated":true}]}}