
{"id":92469,"date":"2021-01-08T17:28:33","date_gmt":"2021-01-08T20:28:33","guid":{"rendered":"https:\/\/www.sudoestehoje.com.br\/novoportal\/?p=92469"},"modified":"2021-01-08T17:32:44","modified_gmt":"2021-01-08T20:32:44","slug":"herzem-gusmao-toma-posse-como-prefeito-de-conquista-em-cerimonia-online","status":"publish","type":"post","link":"https:\/\/www.sudoestehoje.com.br\/novoportal\/2021\/01\/08\/herzem-gusmao-toma-posse-como-prefeito-de-conquista-em-cerimonia-online\/","title":{"rendered":"HERZEM GUSM\u00c3O TOMA POSSE COMO PREFEITO DE CONQUISTA EM CERIM\u00d4NIA ONLINE"},"content":{"rendered":"<p><a href=\"https:\/\/www.sudoestehoje.com.br\/novoportal\/wp-content\/uploads\/2021\/01\/posse-herzem-2.jpg\"><img loading=\"lazy\" decoding=\"async\" class=\"aligncenter size-medium wp-image-92471\" src=\"https:\/\/www.sudoestehoje.com.br\/novoportal\/wp-content\/uploads\/2021\/01\/posse-herzem-2-500x295.jpg\" alt=\"\" width=\"500\" height=\"295\" srcset=\"https:\/\/www.sudoestehoje.com.br\/novoportal\/wp-content\/uploads\/2021\/01\/posse-herzem-2-500x295.jpg 500w, https:\/\/www.sudoestehoje.com.br\/novoportal\/wp-content\/uploads\/2021\/01\/posse-herzem-2-700x413.jpg 700w, https:\/\/www.sudoestehoje.com.br\/novoportal\/wp-content\/uploads\/2021\/01\/posse-herzem-2-768x453.jpg 768w, https:\/\/www.sudoestehoje.com.br\/novoportal\/wp-content\/uploads\/2021\/01\/posse-herzem-2.jpg 984w\" sizes=\"auto, (max-width: 500px) 100vw, 500px\" \/><\/a><\/p>\n<p>O prefeito reeleito de Vit\u00f3ria da Conquista, Herzem Gusm\u00e3o (MDB), foi empossado para o cargo na tarde desta sexta-feira (8), em cerim\u00f4nia online. Diagnosticado com Covid-19,\u00a0ele est\u00e1 internado no Hospital S\u00edrio-Liban\u00eas, em S\u00e3o Paulo, desde o final de dezembro para tratar da doen\u00e7a\u00a0e de l\u00e1 participou da cerim\u00f4nia que aconteceu respectivamente na C\u00e2mara Municipal da cidade.<\/p>\n<div class=\"mc-column content-text active-extra-styles \" data-block-type=\"unstyled\" data-block-weight=\"51\" data-block-id=\"3\">\n<p class=\"content-text__container \" data-track-category=\"Link no Texto\" data-track-links=\"\">A diploma\u00e7\u00e3o foi aprovada pela maioria dos vereadores de Vit\u00f3ria da Conquista. Dezoito votaram a favor e somente um, Chico Estrela (PTC), votou contr\u00e1rio \u00e0 posse realizada desta maneira, alegando que a posse do prefeito, estando ele internado e fora da cidade, custaria R$ 25 mil por m\u00eas aos cofres p\u00fablicos.<\/p>\n<\/div>\n<div class=\"mc-column content-text active-extra-styles \" data-block-type=\"unstyled\" data-block-weight=\"56\" data-block-id=\"4\">\n<p class=\"content-text__container \" data-track-category=\"Link no Texto\" data-track-links=\"\">Enquanto Herzem esteve internado, a gest\u00e3o da cidade estava sob responsabilidade da vice-prefeita,Sheila Lemos (DEM), que foi diplomada no dia 1\u00ba de janeiro, junto com outros 21 vereadores, para o pleito at\u00e9 2024. Com a licen\u00e7a de Herzem, ela est\u00e1 no cargo h\u00e1 sete dias, mas deve permanecer at\u00e9 o retorno do chefe do Executivo.<\/p>\n<\/div>\n<div class=\"mc-column content-text active-extra-styles \" data-block-type=\"unstyled\" data-block-weight=\"40\" data-block-id=\"5\">\n<p class=\"content-text__container \" data-track-category=\"Link no Texto\" data-track-links=\"\">Herzem tem 72 anos e foi reeleito em segundo turno, com 54,71% dos votos v\u00e1lidos. Vit\u00f3ria da Conquista \u00e9 a terceira maior cidade da Bahia, com mais de 300 mil habitantes, atr\u00e1s somente de Salvador e Feira de Santana. <em><strong>Confira v\u00eddeo:<\/strong><\/em><\/p>\n<p><iframe loading=\"lazy\" title=\"Da UTI, Herzem faz discurso com agradecimentos: \u201cmuito obrigado e que Deus nos aben\u00e7oe\u201d\" width=\"500\" height=\"281\" src=\"https:\/\/www.youtube.com\/embed\/DqZZAUPOJ6A?feature=oembed\" frameborder=\"0\" allow=\"accelerometer; autoplay; clipboard-write; encrypted-media; gyroscope; picture-in-picture; web-share\" referrerpolicy=\"strict-origin-when-cross-origin\" allowfullscreen><\/iframe><\/p>\n<\/div>\n","protected":false},"excerpt":{"rendered":"<p>O prefeito reeleito de Vit\u00f3ria da Conquista, Herzem Gusm\u00e3o (MDB), foi empossado para o cargo na tarde desta sexta-feira (8), em cerim\u00f4nia online. Diagnosticado com Covid-19,\u00a0ele est\u00e1 internado no Hospital S\u00edrio-Liban\u00eas, em S\u00e3o Paulo, desde o final de dezembro para tratar da doen\u00e7a\u00a0e de l\u00e1 participou da cerim\u00f4nia que aconteceu respectivamente na C\u00e2mara Municipal da [&hellip;]<\/p>\n","protected":false},"author":2,"featured_media":92471,"comment_status":"open","ping_status":"open","sticky":false,"template":"","format":"standard","meta":{"footnotes":"","_links_to":"","_links_to_target":""},"categories":[1],"tags":[],"class_list":["post-92469","post","type-post","status-publish","format-standard","has-post-thumbnail","hentry","category-geral"],"views":988,"_links":{"self":[{"href":"https:\/\/www.sudoestehoje.com.br\/novoportal\/wp-json\/wp\/v2\/posts\/92469","targetHints":{"allow":["GET"]}}],"collection":[{"href":"https:\/\/www.sudoestehoje.com.br\/novoportal\/wp-json\/wp\/v2\/posts"}],"about":[{"href":"https:\/\/www.sudoestehoje.com.br\/novoportal\/wp-json\/wp\/v2\/types\/post"}],"author":[{"embeddable":true,"href":"https:\/\/www.sudoestehoje.com.br\/novoportal\/wp-json\/wp\/v2\/users\/2"}],"replies":[{"embeddable":true,"href":"https:\/\/www.sudoestehoje.com.br\/novoportal\/wp-json\/wp\/v2\/comments?post=92469"}],"version-history":[{"count":3,"href":"https:\/\/www.sudoestehoje.com.br\/novoportal\/wp-json\/wp\/v2\/posts\/92469\/revisions"}],"predecessor-version":[{"id":92473,"href":"https:\/\/www.sudoestehoje.com.br\/novoportal\/wp-json\/wp\/v2\/posts\/92469\/revisions\/92473"}],"wp:featuredmedia":[{"embeddable":true,"href":"https:\/\/www.sudoestehoje.com.br\/novoportal\/wp-json\/wp\/v2\/media\/92471"}],"wp:attachment":[{"href":"https:\/\/www.sudoestehoje.com.br\/novoportal\/wp-json\/wp\/v2\/media?parent=92469"}],"wp:term":[{"taxonomy":"category","embeddable":true,"href":"https:\/\/www.sudoestehoje.com.br\/novoportal\/wp-json\/wp\/v2\/categories?post=92469"},{"taxonomy":"post_tag","embeddable":true,"href":"https:\/\/www.sudoestehoje.com.br\/novoportal\/wp-json\/wp\/v2\/tags?post=92469"}],"curies":[{"name":"wp","href":"https:\/\/api.w.org\/{rel}","templated":true}]}}