
{"id":92457,"date":"2021-01-07T10:44:28","date_gmt":"2021-01-07T13:44:28","guid":{"rendered":"https:\/\/www.sudoestehoje.com.br\/novoportal\/?p=92457"},"modified":"2021-01-07T10:44:28","modified_gmt":"2021-01-07T13:44:28","slug":"bahia-tera-feriado-de-carnaval-em-2021","status":"publish","type":"post","link":"https:\/\/www.sudoestehoje.com.br\/novoportal\/2021\/01\/07\/bahia-tera-feriado-de-carnaval-em-2021\/","title":{"rendered":"BAHIA TER\u00c1 FERIADO DE CARNAVAL EM 2021?"},"content":{"rendered":"<p><a href=\"https:\/\/www.sudoestehoje.com.br\/novoportal\/wp-content\/uploads\/2021\/01\/salvador.jpg\"><img loading=\"lazy\" decoding=\"async\" class=\"aligncenter size-medium wp-image-92458\" src=\"https:\/\/www.sudoestehoje.com.br\/novoportal\/wp-content\/uploads\/2021\/01\/salvador-500x333.jpg\" alt=\"\" width=\"500\" height=\"333\" srcset=\"https:\/\/www.sudoestehoje.com.br\/novoportal\/wp-content\/uploads\/2021\/01\/salvador-500x333.jpg 500w, https:\/\/www.sudoestehoje.com.br\/novoportal\/wp-content\/uploads\/2021\/01\/salvador.jpg 550w\" sizes=\"auto, (max-width: 500px) 100vw, 500px\" \/><\/a><\/p>\n<p>O ano novo come\u00e7ou h\u00e1 poucos dias, mas a pandemia do novo Coronav\u00edrus continua frustrando planos. Em 2021 a folia do Carnaval n\u00e3o poder\u00e1 tomar conta das ruas.<\/p>\n<p>Na Bahia, por exemplo, o Governo anunciou a suspens\u00e3o da festa, como forma de conter a propaga\u00e7\u00e3o da doen\u00e7a, o que j\u00e1 era esperado.<\/p>\n<p>No entanto, apesar da suspens\u00e3o da folia de Momo parecer \u00f3bvia, muitos est\u00e3o em d\u00favida se, al\u00e9m da festa, o feriado tamb\u00e9m foi suspenso.<\/p>\n<p><strong><em>Sudoeste Hoje<\/em><\/strong><\/p>\n","protected":false},"excerpt":{"rendered":"<p>O ano novo come\u00e7ou h\u00e1 poucos dias, mas a pandemia do novo Coronav\u00edrus continua frustrando planos. Em 2021 a folia do Carnaval n\u00e3o poder\u00e1 tomar conta das ruas. Na Bahia, por exemplo, o Governo anunciou a suspens\u00e3o da festa, como forma de conter a propaga\u00e7\u00e3o da doen\u00e7a, o que j\u00e1 era esperado. No entanto, apesar [&hellip;]<\/p>\n","protected":false},"author":2,"featured_media":92458,"comment_status":"open","ping_status":"open","sticky":false,"template":"","format":"standard","meta":{"footnotes":"","_links_to":"","_links_to_target":""},"categories":[1],"tags":[],"class_list":["post-92457","post","type-post","status-publish","format-standard","has-post-thumbnail","hentry","category-geral"],"views":1007,"_links":{"self":[{"href":"https:\/\/www.sudoestehoje.com.br\/novoportal\/wp-json\/wp\/v2\/posts\/92457","targetHints":{"allow":["GET"]}}],"collection":[{"href":"https:\/\/www.sudoestehoje.com.br\/novoportal\/wp-json\/wp\/v2\/posts"}],"about":[{"href":"https:\/\/www.sudoestehoje.com.br\/novoportal\/wp-json\/wp\/v2\/types\/post"}],"author":[{"embeddable":true,"href":"https:\/\/www.sudoestehoje.com.br\/novoportal\/wp-json\/wp\/v2\/users\/2"}],"replies":[{"embeddable":true,"href":"https:\/\/www.sudoestehoje.com.br\/novoportal\/wp-json\/wp\/v2\/comments?post=92457"}],"version-history":[{"count":2,"href":"https:\/\/www.sudoestehoje.com.br\/novoportal\/wp-json\/wp\/v2\/posts\/92457\/revisions"}],"predecessor-version":[{"id":92460,"href":"https:\/\/www.sudoestehoje.com.br\/novoportal\/wp-json\/wp\/v2\/posts\/92457\/revisions\/92460"}],"wp:featuredmedia":[{"embeddable":true,"href":"https:\/\/www.sudoestehoje.com.br\/novoportal\/wp-json\/wp\/v2\/media\/92458"}],"wp:attachment":[{"href":"https:\/\/www.sudoestehoje.com.br\/novoportal\/wp-json\/wp\/v2\/media?parent=92457"}],"wp:term":[{"taxonomy":"category","embeddable":true,"href":"https:\/\/www.sudoestehoje.com.br\/novoportal\/wp-json\/wp\/v2\/categories?post=92457"},{"taxonomy":"post_tag","embeddable":true,"href":"https:\/\/www.sudoestehoje.com.br\/novoportal\/wp-json\/wp\/v2\/tags?post=92457"}],"curies":[{"name":"wp","href":"https:\/\/api.w.org\/{rel}","templated":true}]}}