
{"id":92451,"date":"2021-01-07T08:35:05","date_gmt":"2021-01-07T11:35:05","guid":{"rendered":"https:\/\/www.sudoestehoje.com.br\/novoportal\/?p=92451"},"modified":"2021-01-07T09:16:38","modified_gmt":"2021-01-07T12:16:38","slug":"camara-de-itapetinga-continua-com-acesso-restrito-ao-publico-em-razao-da-pandemia","status":"publish","type":"post","link":"https:\/\/www.sudoestehoje.com.br\/novoportal\/2021\/01\/07\/camara-de-itapetinga-continua-com-acesso-restrito-ao-publico-em-razao-da-pandemia\/","title":{"rendered":"C\u00c2MARA DE ITAPETINGA CONTINUA COM ACESSO RESTRITO AO P\u00daBLICO, EM RAZ\u00c3O DA PANDEMIA"},"content":{"rendered":"<p><a href=\"https:\/\/www.sudoestehoje.com.br\/novoportal\/wp-content\/uploads\/2021\/01\/CAMARA-1-1.jpg\"><img loading=\"lazy\" decoding=\"async\" class=\"aligncenter wp-image-92452\" src=\"https:\/\/www.sudoestehoje.com.br\/novoportal\/wp-content\/uploads\/2021\/01\/CAMARA-1-1.jpg\" alt=\"\" width=\"501\" height=\"295\" \/><\/a><\/p>\n<p>Em virtude da pandemia de Coronav\u00edrus, que ainda persiste no pa\u00eds e no munic\u00edpio, a C\u00e2mara de Vereadores de Itapetinga deu continuidade \u00e0s restri\u00e7\u00f5es de acesso na sua sede, adotadas na gest\u00e3o anterior.<\/p>\n<p>Nesta quarta-feira (6), o presidente L\u00e9o Matos baixou nova portaria restringindo o acesso ao p\u00fablico, por tempo indeterminado, permitindo o acesso exclusivo a funcion\u00e1rios, vereadores e assessorias.<\/p>\n<p>O legislativo municipal se encontra em per\u00edodo de recesso, que se estender\u00e1 at\u00e9 15 de fevereiro, mantendo apenas o expediente interno, sem atendimento ao p\u00fablico.<\/p>\n<p>Recomenda-se o atendimento virtual, pelo telefone (77) 3261-8250 ou pelo e-mail camara_itapetinga@hotmail.com, de segunda a sexta-feira, das 8:00 \u00e0s 12h.<\/p>\n<p><strong><em>Ascom<\/em><\/strong><\/p>\n","protected":false},"excerpt":{"rendered":"<p>Em virtude da pandemia de Coronav\u00edrus, que ainda persiste no pa\u00eds e no munic\u00edpio, a C\u00e2mara de Vereadores de Itapetinga deu continuidade \u00e0s restri\u00e7\u00f5es de acesso na sua sede, adotadas na gest\u00e3o anterior. Nesta quarta-feira (6), o presidente L\u00e9o Matos baixou nova portaria restringindo o acesso ao p\u00fablico, por tempo indeterminado, permitindo o acesso exclusivo [&hellip;]<\/p>\n","protected":false},"author":2,"featured_media":92452,"comment_status":"open","ping_status":"open","sticky":false,"template":"","format":"standard","meta":{"footnotes":"","_links_to":"","_links_to_target":""},"categories":[1],"tags":[],"class_list":["post-92451","post","type-post","status-publish","format-standard","has-post-thumbnail","hentry","category-geral"],"views":777,"_links":{"self":[{"href":"https:\/\/www.sudoestehoje.com.br\/novoportal\/wp-json\/wp\/v2\/posts\/92451","targetHints":{"allow":["GET"]}}],"collection":[{"href":"https:\/\/www.sudoestehoje.com.br\/novoportal\/wp-json\/wp\/v2\/posts"}],"about":[{"href":"https:\/\/www.sudoestehoje.com.br\/novoportal\/wp-json\/wp\/v2\/types\/post"}],"author":[{"embeddable":true,"href":"https:\/\/www.sudoestehoje.com.br\/novoportal\/wp-json\/wp\/v2\/users\/2"}],"replies":[{"embeddable":true,"href":"https:\/\/www.sudoestehoje.com.br\/novoportal\/wp-json\/wp\/v2\/comments?post=92451"}],"version-history":[{"count":4,"href":"https:\/\/www.sudoestehoje.com.br\/novoportal\/wp-json\/wp\/v2\/posts\/92451\/revisions"}],"predecessor-version":[{"id":92456,"href":"https:\/\/www.sudoestehoje.com.br\/novoportal\/wp-json\/wp\/v2\/posts\/92451\/revisions\/92456"}],"wp:featuredmedia":[{"embeddable":true,"href":"https:\/\/www.sudoestehoje.com.br\/novoportal\/wp-json\/wp\/v2\/media\/92452"}],"wp:attachment":[{"href":"https:\/\/www.sudoestehoje.com.br\/novoportal\/wp-json\/wp\/v2\/media?parent=92451"}],"wp:term":[{"taxonomy":"category","embeddable":true,"href":"https:\/\/www.sudoestehoje.com.br\/novoportal\/wp-json\/wp\/v2\/categories?post=92451"},{"taxonomy":"post_tag","embeddable":true,"href":"https:\/\/www.sudoestehoje.com.br\/novoportal\/wp-json\/wp\/v2\/tags?post=92451"}],"curies":[{"name":"wp","href":"https:\/\/api.w.org\/{rel}","templated":true}]}}