
{"id":92447,"date":"2021-01-06T23:41:25","date_gmt":"2021-01-07T02:41:25","guid":{"rendered":"https:\/\/www.sudoestehoje.com.br\/novoportal\/?p=92447"},"modified":"2021-01-06T23:41:25","modified_gmt":"2021-01-07T02:41:25","slug":"conquista-filho-de-herzem-diz-que-pai-tem-boa-recuperacao-e-que-toma-posse-na-sexta","status":"publish","type":"post","link":"https:\/\/www.sudoestehoje.com.br\/novoportal\/2021\/01\/06\/conquista-filho-de-herzem-diz-que-pai-tem-boa-recuperacao-e-que-toma-posse-na-sexta\/","title":{"rendered":"CONQUISTA: FILHO DE HERZEM DIZ QUE PAI TEM BOA RECUPERA\u00c7\u00c3O E QUE TOMA POSSE NA SEXTA"},"content":{"rendered":"<div class=\"mc-column content-text active-extra-styles \" data-block-type=\"unstyled\" data-block-weight=\"46\" data-block-id=\"2\">\n<p data-track-category=\"Link no Texto\" data-track-links=\"\"><a href=\"https:\/\/www.sudoestehoje.com.br\/novoportal\/wp-content\/uploads\/2021\/01\/herzem-gusmao.jpg\"><img loading=\"lazy\" decoding=\"async\" class=\"aligncenter size-medium wp-image-92449\" src=\"https:\/\/www.sudoestehoje.com.br\/novoportal\/wp-content\/uploads\/2021\/01\/herzem-gusmao-500x282.jpg\" alt=\"\" width=\"500\" height=\"282\" srcset=\"https:\/\/www.sudoestehoje.com.br\/novoportal\/wp-content\/uploads\/2021\/01\/herzem-gusmao-500x282.jpg 500w, https:\/\/www.sudoestehoje.com.br\/novoportal\/wp-content\/uploads\/2021\/01\/herzem-gusmao-700x394.jpg 700w, https:\/\/www.sudoestehoje.com.br\/novoportal\/wp-content\/uploads\/2021\/01\/herzem-gusmao-768x432.jpg 768w, https:\/\/www.sudoestehoje.com.br\/novoportal\/wp-content\/uploads\/2021\/01\/herzem-gusmao.jpg 984w\" sizes=\"auto, (max-width: 500px) 100vw, 500px\" \/><\/a><\/p>\n<p class=\"content-text__container \" data-track-category=\"Link no Texto\" data-track-links=\"\">O filho do prefeito de Vit\u00f3ria da Conquista, Herzem Gusm\u00e3o (MDB), usou as redes sociais na noite desta quarta-feira (6) para atualizar as informa\u00e7\u00f5es sobre o estado de sa\u00fade do pai, que est\u00e1 internado na UTI do Hospital S\u00edrio Liban\u00eas, em S\u00e3o Paulo, com Covid-19.<\/p>\n<\/div>\n<div class=\"wall protected-content\">\n<div class=\"mc-column content-text active-extra-styles \" data-block-type=\"unstyled\" data-block-weight=\"30\" data-block-id=\"3\">\n<p class=\"content-text__container \" data-track-category=\"Link no Texto\" data-track-links=\"\">Segundo Danilo Gusm\u00e3o, o pai segue l\u00facido, animado com a evolu\u00e7\u00e3o no quadro e tem expectativa para tomar posse da prefeitura na pr\u00f3xima sexta-feira (8), que ser\u00e1 na modalidade online.<\/p>\n<\/div>\n<div class=\"mc-column content-text active-extra-styles \" data-block-type=\"unstyled\" data-block-weight=\"51\" data-block-id=\"4\">\n<p class=\"content-text__container \" data-track-category=\"Link no Texto\" data-track-links=\"\">Danilo, que \u00e9 m\u00e9dico, afirmou que Herzem foi submetido a uma tomografia, na ter\u00e7a-feira (5), que mostrou que houve redu\u00e7\u00e3o do processo inflamat\u00f3rio pulmonar. Al\u00e9m disso, ele teve melhora dos par\u00e2metros respirat\u00f3rios, mas continua na UTI usando um cateter nasal de auto fluxo, mas os m\u00e9dicos reduziram a oferta de oxig\u00eanio.<\/p>\n<\/div>\n<div class=\"mc-column content-text active-extra-styles \" data-block-type=\"unstyled\" data-block-weight=\"79\" data-block-id=\"5\">\n<p class=\"content-text__container \" data-track-category=\"Link no Texto\" data-track-links=\"\">\u201cO prefeito continua l\u00facido, continua antenado com a cidade, com o que anda acontecendo e est\u00e1 agora na expectativa da posse na pr\u00f3xima sexta-feira, dia 8, que acontecer\u00e1 de forma virtual. Ele pede mais uma vez para que eu agrade\u00e7a a toda a popula\u00e7\u00e3o de Conquista pelas palavras de incentivo e pelas ora\u00e7\u00f5es da cidade. Ent\u00e3o boas not\u00edcias e como ele sempre diz, Deus no comando, que Deus nos aben\u00e7oe e um forte abra\u00e7o a todos\u201d, disse Danilo Gusm\u00e3o.<\/p>\n<\/div>\n<div class=\"content-ads content-ads--reveal\" data-block-type=\"ads\" data-block-id=\"6\">\n<div id=\"banner_materia2\" class=\"tag-manager-publicidade-container mc-has-reveal mc-has-ad-lazyload tag-manager-publicidade-banner_materia2 tag-manager-publicidade-container--carregado tag-manager-publicidade-container--visivel\" data-id=\"banner_materia2\" data-req=\"true\" data-google-query-id=\"CLCTvvrkiO4CFdovuQYdU6wAPw\" data-cid=\"138335224851\" data-lid=\"5572706069\">Por causa da interna\u00e7\u00e3o, a vice-prefeita Sheila Lemos est\u00e1 \u00e0 frente da prefeitura de Vit\u00f3ria da Conquista e\u00a0<a href=\"https:\/\/g1.globo.com\/ba\/bahia\/noticia\/2021\/01\/01\/herzem-gusmao-segue-internado-com-covid-19-e-vice-toma-posse-da-prefeitura-de-vitoria-da-conquista.ghtml\">foi empossada prefeita, temporariamente, na sexta-feira (1\u00ba)<\/a>, em cerim\u00f4nia realizada na C\u00e2mara Municipal.<\/div>\n<\/div>\n<\/div>\n","protected":false},"excerpt":{"rendered":"<p>O filho do prefeito de Vit\u00f3ria da Conquista, Herzem Gusm\u00e3o (MDB), usou as redes sociais na noite desta quarta-feira (6) para atualizar as informa\u00e7\u00f5es sobre o estado de sa\u00fade do pai, que est\u00e1 internado na UTI do Hospital S\u00edrio Liban\u00eas, em S\u00e3o Paulo, com Covid-19. Segundo Danilo Gusm\u00e3o, o pai segue l\u00facido, animado com a [&hellip;]<\/p>\n","protected":false},"author":2,"featured_media":92449,"comment_status":"open","ping_status":"open","sticky":false,"template":"","format":"standard","meta":{"footnotes":"","_links_to":"","_links_to_target":""},"categories":[1],"tags":[],"class_list":["post-92447","post","type-post","status-publish","format-standard","has-post-thumbnail","hentry","category-geral"],"views":1796,"_links":{"self":[{"href":"https:\/\/www.sudoestehoje.com.br\/novoportal\/wp-json\/wp\/v2\/posts\/92447","targetHints":{"allow":["GET"]}}],"collection":[{"href":"https:\/\/www.sudoestehoje.com.br\/novoportal\/wp-json\/wp\/v2\/posts"}],"about":[{"href":"https:\/\/www.sudoestehoje.com.br\/novoportal\/wp-json\/wp\/v2\/types\/post"}],"author":[{"embeddable":true,"href":"https:\/\/www.sudoestehoje.com.br\/novoportal\/wp-json\/wp\/v2\/users\/2"}],"replies":[{"embeddable":true,"href":"https:\/\/www.sudoestehoje.com.br\/novoportal\/wp-json\/wp\/v2\/comments?post=92447"}],"version-history":[{"count":2,"href":"https:\/\/www.sudoestehoje.com.br\/novoportal\/wp-json\/wp\/v2\/posts\/92447\/revisions"}],"predecessor-version":[{"id":92450,"href":"https:\/\/www.sudoestehoje.com.br\/novoportal\/wp-json\/wp\/v2\/posts\/92447\/revisions\/92450"}],"wp:featuredmedia":[{"embeddable":true,"href":"https:\/\/www.sudoestehoje.com.br\/novoportal\/wp-json\/wp\/v2\/media\/92449"}],"wp:attachment":[{"href":"https:\/\/www.sudoestehoje.com.br\/novoportal\/wp-json\/wp\/v2\/media?parent=92447"}],"wp:term":[{"taxonomy":"category","embeddable":true,"href":"https:\/\/www.sudoestehoje.com.br\/novoportal\/wp-json\/wp\/v2\/categories?post=92447"},{"taxonomy":"post_tag","embeddable":true,"href":"https:\/\/www.sudoestehoje.com.br\/novoportal\/wp-json\/wp\/v2\/tags?post=92447"}],"curies":[{"name":"wp","href":"https:\/\/api.w.org\/{rel}","templated":true}]}}