
{"id":92437,"date":"2021-01-06T17:55:08","date_gmt":"2021-01-06T20:55:08","guid":{"rendered":"https:\/\/www.sudoestehoje.com.br\/novoportal\/?p=92437"},"modified":"2021-01-06T17:55:08","modified_gmt":"2021-01-06T20:55:08","slug":"manifestantes-pro-trump-invadem-congresso-americano-a-tiros","status":"publish","type":"post","link":"https:\/\/www.sudoestehoje.com.br\/novoportal\/2021\/01\/06\/manifestantes-pro-trump-invadem-congresso-americano-a-tiros\/","title":{"rendered":"MANIFESTANTES PR\u00d3-TRUMP INVADEM CONGRESSO AMERICANO \u00c0 TIROS"},"content":{"rendered":"<p><a href=\"https:\/\/www.sudoestehoje.com.br\/novoportal\/wp-content\/uploads\/2021\/01\/manifestantes-1.jpeg\"><img loading=\"lazy\" decoding=\"async\" class=\"aligncenter size-medium wp-image-92439\" src=\"https:\/\/www.sudoestehoje.com.br\/novoportal\/wp-content\/uploads\/2021\/01\/manifestantes-1-500x281.jpeg\" alt=\"\" width=\"500\" height=\"281\" srcset=\"https:\/\/www.sudoestehoje.com.br\/novoportal\/wp-content\/uploads\/2021\/01\/manifestantes-1-500x281.jpeg 500w, https:\/\/www.sudoestehoje.com.br\/novoportal\/wp-content\/uploads\/2021\/01\/manifestantes-1-700x394.jpeg 700w, https:\/\/www.sudoestehoje.com.br\/novoportal\/wp-content\/uploads\/2021\/01\/manifestantes-1-768x432.jpeg 768w, https:\/\/www.sudoestehoje.com.br\/novoportal\/wp-content\/uploads\/2021\/01\/manifestantes-1.jpeg 1008w\" sizes=\"auto, (max-width: 500px) 100vw, 500px\" \/><\/a><\/p>\n<p>Um grupo de apoiadores do presidente dos\u00a0<a href=\"https:\/\/g1.globo.com\/tudo-sobre\/estados-unidos\/\">Estados Unidos<\/a>,\u00a0<a href=\"https:\/\/g1.globo.com\/tudo-sobre\/donald-trump\/\">Donald Trump<\/a>, invadiu nesta quarta-feira (6) o Capit\u00f3lio, sede do Congresso americano em Washington, durante a\u00a0<a href=\"https:\/\/g1.globo.com\/mundo\/noticia\/2021\/01\/06\/congresso-dos-eua-se-reune-para-certificar-vitoria-de-biden-no-colegio-eleitoral.ghtml\">contagem oficial dos votos do Col\u00e9gio Eleitoral<\/a>\u00a0definidos nas elei\u00e7\u00f5es presidenciais de novembro, que deram vit\u00f3ria a\u00a0<a href=\"https:\/\/g1.globo.com\/tudo-sobre\/joe-biden\/\">Joe Biden<\/a>.<\/p>\n<p>Parlamentares e jornalistas que est\u00e3o no Capit\u00f3lio\u00a0<strong>relataram tiros dentro do pr\u00e9dio do Congresso<\/strong>. Segundo relatos da imprensa americana, uma mulher foi baleada. &#8220;Uma mulher branca, atingida no ombro&#8221;, disse um policial ao jornal &#8220;The Washington Post&#8221;. \/\/G1<\/p>\n","protected":false},"excerpt":{"rendered":"<p>Um grupo de apoiadores do presidente dos\u00a0Estados Unidos,\u00a0Donald Trump, invadiu nesta quarta-feira (6) o Capit\u00f3lio, sede do Congresso americano em Washington, durante a\u00a0contagem oficial dos votos do Col\u00e9gio Eleitoral\u00a0definidos nas elei\u00e7\u00f5es presidenciais de novembro, que deram vit\u00f3ria a\u00a0Joe Biden. Parlamentares e jornalistas que est\u00e3o no Capit\u00f3lio\u00a0relataram tiros dentro do pr\u00e9dio do Congresso. Segundo relatos da [&hellip;]<\/p>\n","protected":false},"author":2,"featured_media":92439,"comment_status":"open","ping_status":"open","sticky":false,"template":"","format":"standard","meta":{"footnotes":"","_links_to":"","_links_to_target":""},"categories":[1],"tags":[],"class_list":["post-92437","post","type-post","status-publish","format-standard","has-post-thumbnail","hentry","category-geral"],"views":888,"_links":{"self":[{"href":"https:\/\/www.sudoestehoje.com.br\/novoportal\/wp-json\/wp\/v2\/posts\/92437","targetHints":{"allow":["GET"]}}],"collection":[{"href":"https:\/\/www.sudoestehoje.com.br\/novoportal\/wp-json\/wp\/v2\/posts"}],"about":[{"href":"https:\/\/www.sudoestehoje.com.br\/novoportal\/wp-json\/wp\/v2\/types\/post"}],"author":[{"embeddable":true,"href":"https:\/\/www.sudoestehoje.com.br\/novoportal\/wp-json\/wp\/v2\/users\/2"}],"replies":[{"embeddable":true,"href":"https:\/\/www.sudoestehoje.com.br\/novoportal\/wp-json\/wp\/v2\/comments?post=92437"}],"version-history":[{"count":2,"href":"https:\/\/www.sudoestehoje.com.br\/novoportal\/wp-json\/wp\/v2\/posts\/92437\/revisions"}],"predecessor-version":[{"id":92441,"href":"https:\/\/www.sudoestehoje.com.br\/novoportal\/wp-json\/wp\/v2\/posts\/92437\/revisions\/92441"}],"wp:featuredmedia":[{"embeddable":true,"href":"https:\/\/www.sudoestehoje.com.br\/novoportal\/wp-json\/wp\/v2\/media\/92439"}],"wp:attachment":[{"href":"https:\/\/www.sudoestehoje.com.br\/novoportal\/wp-json\/wp\/v2\/media?parent=92437"}],"wp:term":[{"taxonomy":"category","embeddable":true,"href":"https:\/\/www.sudoestehoje.com.br\/novoportal\/wp-json\/wp\/v2\/categories?post=92437"},{"taxonomy":"post_tag","embeddable":true,"href":"https:\/\/www.sudoestehoje.com.br\/novoportal\/wp-json\/wp\/v2\/tags?post=92437"}],"curies":[{"name":"wp","href":"https:\/\/api.w.org\/{rel}","templated":true}]}}