
{"id":92432,"date":"2021-01-06T17:23:35","date_gmt":"2021-01-06T20:23:35","guid":{"rendered":"https:\/\/www.sudoestehoje.com.br\/novoportal\/?p=92432"},"modified":"2021-01-06T18:32:17","modified_gmt":"2021-01-06T21:32:17","slug":"caatiba-obras-de-asfaltamento-da-avenida-francisco-viana-sao-retomadas","status":"publish","type":"post","link":"https:\/\/www.sudoestehoje.com.br\/novoportal\/2021\/01\/06\/caatiba-obras-de-asfaltamento-da-avenida-francisco-viana-sao-retomadas\/","title":{"rendered":"CAATIBA: OBRAS DE ASFALTAMENTO DA AVENIDA FRANCISCO VIANA S\u00c3O RETOMADAS"},"content":{"rendered":"<p><a href=\"https:\/\/www.sudoestehoje.com.br\/novoportal\/wp-content\/uploads\/2021\/01\/asfalto-caa.jpg\"><img loading=\"lazy\" decoding=\"async\" class=\"aligncenter size-medium wp-image-92434\" src=\"https:\/\/www.sudoestehoje.com.br\/novoportal\/wp-content\/uploads\/2021\/01\/asfalto-caa-500x243.jpg\" alt=\"\" width=\"500\" height=\"243\" srcset=\"https:\/\/www.sudoestehoje.com.br\/novoportal\/wp-content\/uploads\/2021\/01\/asfalto-caa-500x243.jpg 500w, https:\/\/www.sudoestehoje.com.br\/novoportal\/wp-content\/uploads\/2021\/01\/asfalto-caa-700x340.jpg 700w, https:\/\/www.sudoestehoje.com.br\/novoportal\/wp-content\/uploads\/2021\/01\/asfalto-caa-768x373.jpg 768w, https:\/\/www.sudoestehoje.com.br\/novoportal\/wp-content\/uploads\/2021\/01\/asfalto-caa.jpg 1316w\" sizes=\"auto, (max-width: 500px) 100vw, 500px\" \/><\/a><\/p>\n<p>Ap\u00f3s interrup\u00e7\u00e3o dos trabalhos durante o per\u00edodo chuvoso na regi\u00e3o, o asfaltamento da Avenida Francisco Viana foi retomado e est\u00e1 a todo vapor.<\/p>\n<p>A obra de infraestrutura Urban\u00edstica que estava dentro do cronograma de atividades da Prefeitura Municipal de Caatiba e que \u00e9 um grande benef\u00edcio para um importante trecho da cidade, vem trazendo satisfa\u00e7\u00e3o para toda a comunidade visto ser algo que valorizar\u00e1 a cidade e trar\u00e1 melhor mobilidade a toda localidade.<\/p>\n<p>A pavimenta\u00e7\u00e3o da Avenida Francisco Viana foi autorizada pelo governo do estado, atrav\u00e9s da Seinfra.<\/p>\n","protected":false},"excerpt":{"rendered":"<p>Ap\u00f3s interrup\u00e7\u00e3o dos trabalhos durante o per\u00edodo chuvoso na regi\u00e3o, o asfaltamento da Avenida Francisco Viana foi retomado e est\u00e1 a todo vapor. A obra de infraestrutura Urban\u00edstica que estava dentro do cronograma de atividades da Prefeitura Municipal de Caatiba e que \u00e9 um grande benef\u00edcio para um importante trecho da cidade, vem trazendo satisfa\u00e7\u00e3o [&hellip;]<\/p>\n","protected":false},"author":2,"featured_media":92434,"comment_status":"open","ping_status":"open","sticky":false,"template":"","format":"standard","meta":{"footnotes":"","_links_to":"","_links_to_target":""},"categories":[1],"tags":[],"class_list":["post-92432","post","type-post","status-publish","format-standard","has-post-thumbnail","hentry","category-geral"],"views":980,"_links":{"self":[{"href":"https:\/\/www.sudoestehoje.com.br\/novoportal\/wp-json\/wp\/v2\/posts\/92432","targetHints":{"allow":["GET"]}}],"collection":[{"href":"https:\/\/www.sudoestehoje.com.br\/novoportal\/wp-json\/wp\/v2\/posts"}],"about":[{"href":"https:\/\/www.sudoestehoje.com.br\/novoportal\/wp-json\/wp\/v2\/types\/post"}],"author":[{"embeddable":true,"href":"https:\/\/www.sudoestehoje.com.br\/novoportal\/wp-json\/wp\/v2\/users\/2"}],"replies":[{"embeddable":true,"href":"https:\/\/www.sudoestehoje.com.br\/novoportal\/wp-json\/wp\/v2\/comments?post=92432"}],"version-history":[{"count":4,"href":"https:\/\/www.sudoestehoje.com.br\/novoportal\/wp-json\/wp\/v2\/posts\/92432\/revisions"}],"predecessor-version":[{"id":92442,"href":"https:\/\/www.sudoestehoje.com.br\/novoportal\/wp-json\/wp\/v2\/posts\/92432\/revisions\/92442"}],"wp:featuredmedia":[{"embeddable":true,"href":"https:\/\/www.sudoestehoje.com.br\/novoportal\/wp-json\/wp\/v2\/media\/92434"}],"wp:attachment":[{"href":"https:\/\/www.sudoestehoje.com.br\/novoportal\/wp-json\/wp\/v2\/media?parent=92432"}],"wp:term":[{"taxonomy":"category","embeddable":true,"href":"https:\/\/www.sudoestehoje.com.br\/novoportal\/wp-json\/wp\/v2\/categories?post=92432"},{"taxonomy":"post_tag","embeddable":true,"href":"https:\/\/www.sudoestehoje.com.br\/novoportal\/wp-json\/wp\/v2\/tags?post=92432"}],"curies":[{"name":"wp","href":"https:\/\/api.w.org\/{rel}","templated":true}]}}