
{"id":92428,"date":"2021-01-05T20:25:19","date_gmt":"2021-01-05T23:25:19","guid":{"rendered":"https:\/\/www.sudoestehoje.com.br\/novoportal\/?p=92428"},"modified":"2021-01-05T20:31:34","modified_gmt":"2021-01-05T23:31:34","slug":"itapetinga-prefeito-rodrigo-hagge-define-secretariado-para-segundo-mandato","status":"publish","type":"post","link":"https:\/\/www.sudoestehoje.com.br\/novoportal\/2021\/01\/05\/itapetinga-prefeito-rodrigo-hagge-define-secretariado-para-segundo-mandato\/","title":{"rendered":"ITAPETINGA: PREFEITO RODRIGO HAGGE DEFINE SECRETARIADO PARA SEGUNDO MANDATO"},"content":{"rendered":"<p><a href=\"https:\/\/www.sudoestehoje.com.br\/novoportal\/wp-content\/uploads\/2021\/01\/SECRET\u00c1RIOS-NOVOS.jpeg\"><img loading=\"lazy\" decoding=\"async\" class=\"aligncenter size-medium wp-image-92429\" src=\"https:\/\/www.sudoestehoje.com.br\/novoportal\/wp-content\/uploads\/2021\/01\/SECRET\u00c1RIOS-NOVOS-500x334.jpeg\" alt=\"\" width=\"500\" height=\"334\" srcset=\"https:\/\/www.sudoestehoje.com.br\/novoportal\/wp-content\/uploads\/2021\/01\/SECRET\u00c1RIOS-NOVOS-500x334.jpeg 500w, https:\/\/www.sudoestehoje.com.br\/novoportal\/wp-content\/uploads\/2021\/01\/SECRET\u00c1RIOS-NOVOS-700x467.jpeg 700w, https:\/\/www.sudoestehoje.com.br\/novoportal\/wp-content\/uploads\/2021\/01\/SECRET\u00c1RIOS-NOVOS-768x513.jpeg 768w, https:\/\/www.sudoestehoje.com.br\/novoportal\/wp-content\/uploads\/2021\/01\/SECRET\u00c1RIOS-NOVOS.jpeg 990w\" sizes=\"auto, (max-width: 500px) 100vw, 500px\" \/><\/a><\/p>\n<p>Nesta ter\u00e7a-feira, 05, o prefeito Rodrigo Hagge definiu a equipe que liderar\u00e1, ao seu lado, o seu segundo mandato. Como j\u00e1 havia afirmado, o grupo que comp\u00f4s a primeira gest\u00e3o desempenhou um bom papel. \u201cMas a renova\u00e7\u00e3o \u00e9 necess\u00e1ria para o aprimoramento constante do servi\u00e7o\u201d, disse o prefeito.<\/p>\n<p>Por isso, montou uma nova equipe que mesclou a experi\u00eancia dos que participaram da primeira gest\u00e3o com a renova\u00e7\u00e3o de nomes que podem trazer for\u00e7a nova \u00e0 equipe.<\/p>\n<p>Quatro novos nomes chegaram para compor a gest\u00e3o:<br \/>\nA advogada\u00a0<strong><em>Andreia Carolina<\/em><\/strong>\u00a0ir\u00e1 assumir a Secretaria de Desenvolvimento Social.<\/p>\n<p>O educador f\u00edsico\u00a0<strong><em>Jailson Santana<\/em><\/strong>\u00a0liderar\u00e1 a secretaria de Esporte, Cultura e Lazer.<\/p>\n<p>O pedagogo\u00a0<strong><em>F\u00e1bio Viana<\/em><\/strong>\u00a0assumir\u00e1 a pasta de Meio Ambiente.<\/p>\n<p>Para a Secretaria de Planejamento foi escolhido\u00a0<strong><em>Ricardo Saback<\/em><\/strong>, formado em Gest\u00e3o Comercial.<\/p>\n<p><strong><em>Geraldo Trindade<\/em><\/strong>\u00a0retorna \u00e0 Secretaria de Educa\u00e7\u00e3o, ap\u00f3s ter se afastado em abril de 2020.<\/p>\n<p>As demais secretarias seguem lideradas por aqueles que finalizaram o primeiro mandato.<\/p>\n<p><strong><em>Darwin Renan<\/em><\/strong>\u00a0\u2013 Secret\u00e1rio de Governo<\/p>\n<p><strong><em>Airton Ferraz<\/em><\/strong>\u00a0\u2013 Diretor do SAAE<\/p>\n<p><strong><em>Cl\u00e1udio Sousa<\/em><\/strong>\u00a0\u2013 Coordenador da Comutran<\/p>\n<p><strong><em>Carlito Ferraz<\/em><\/strong>\u00a0\u2013 Secret\u00e1rio de Administra\u00e7\u00e3o<\/p>\n<p><strong><em>Orlando Ribeiro<\/em><\/strong> \u2013 Secret\u00e1rio de Finan\u00e7as<\/p>\n<p><strong><em>Gustavo David<\/em><\/strong>\u00a0\u2013 Secret\u00e1rio de Infraestrutura<\/p>\n<p><strong><em>Hugo Souza<\/em><\/strong>\u00a0\u2013 Secret\u00e1rio de Sa\u00fade<\/p>\n<p><strong><em>Felizd\u00eanio Xavier<\/em><\/strong>\u00a0\u2013 Secret\u00e1rio de Desenvolvimento Econ\u00f4mico<\/p>\n<p><strong><em>Daniel Moreira<\/em><\/strong>\u00a0\u2013 Secret\u00e1rio de Transportes<\/p>\n<p>Ao reunir-se com o novo grupo, o prefeito mais uma vez agradeceu o empenho de todos e disse querer contar com a colabora\u00e7\u00e3o de cada um, direta ou indiretamente, nesta nova caminhada.<\/p>\n<p>\u201cAos que chegam, meu desejo de boa sorte e pedido de dedica\u00e7\u00e3o, empenho e aten\u00e7\u00e3o ao povo de Itapetinga\u201d, falou Rodrigo.<\/p>\n","protected":false},"excerpt":{"rendered":"<p>Nesta ter\u00e7a-feira, 05, o prefeito Rodrigo Hagge definiu a equipe que liderar\u00e1, ao seu lado, o seu segundo mandato. Como j\u00e1 havia afirmado, o grupo que comp\u00f4s a primeira gest\u00e3o desempenhou um bom papel. \u201cMas a renova\u00e7\u00e3o \u00e9 necess\u00e1ria para o aprimoramento constante do servi\u00e7o\u201d, disse o prefeito. Por isso, montou uma nova equipe que [&hellip;]<\/p>\n","protected":false},"author":2,"featured_media":92429,"comment_status":"open","ping_status":"open","sticky":false,"template":"","format":"standard","meta":{"footnotes":"","_links_to":"","_links_to_target":""},"categories":[1],"tags":[],"class_list":["post-92428","post","type-post","status-publish","format-standard","has-post-thumbnail","hentry","category-geral"],"views":1667,"_links":{"self":[{"href":"https:\/\/www.sudoestehoje.com.br\/novoportal\/wp-json\/wp\/v2\/posts\/92428","targetHints":{"allow":["GET"]}}],"collection":[{"href":"https:\/\/www.sudoestehoje.com.br\/novoportal\/wp-json\/wp\/v2\/posts"}],"about":[{"href":"https:\/\/www.sudoestehoje.com.br\/novoportal\/wp-json\/wp\/v2\/types\/post"}],"author":[{"embeddable":true,"href":"https:\/\/www.sudoestehoje.com.br\/novoportal\/wp-json\/wp\/v2\/users\/2"}],"replies":[{"embeddable":true,"href":"https:\/\/www.sudoestehoje.com.br\/novoportal\/wp-json\/wp\/v2\/comments?post=92428"}],"version-history":[{"count":2,"href":"https:\/\/www.sudoestehoje.com.br\/novoportal\/wp-json\/wp\/v2\/posts\/92428\/revisions"}],"predecessor-version":[{"id":92431,"href":"https:\/\/www.sudoestehoje.com.br\/novoportal\/wp-json\/wp\/v2\/posts\/92428\/revisions\/92431"}],"wp:featuredmedia":[{"embeddable":true,"href":"https:\/\/www.sudoestehoje.com.br\/novoportal\/wp-json\/wp\/v2\/media\/92429"}],"wp:attachment":[{"href":"https:\/\/www.sudoestehoje.com.br\/novoportal\/wp-json\/wp\/v2\/media?parent=92428"}],"wp:term":[{"taxonomy":"category","embeddable":true,"href":"https:\/\/www.sudoestehoje.com.br\/novoportal\/wp-json\/wp\/v2\/categories?post=92428"},{"taxonomy":"post_tag","embeddable":true,"href":"https:\/\/www.sudoestehoje.com.br\/novoportal\/wp-json\/wp\/v2\/tags?post=92428"}],"curies":[{"name":"wp","href":"https:\/\/api.w.org\/{rel}","templated":true}]}}