
{"id":92401,"date":"2021-01-04T20:56:04","date_gmt":"2021-01-04T23:56:04","guid":{"rendered":"https:\/\/www.sudoestehoje.com.br\/novoportal\/?p=92401"},"modified":"2021-01-04T20:56:04","modified_gmt":"2021-01-04T23:56:04","slug":"itapetinga-rodrigo-se-reune-com-equipe-para-ajustar-e-planejar-nova-gestao","status":"publish","type":"post","link":"https:\/\/www.sudoestehoje.com.br\/novoportal\/2021\/01\/04\/itapetinga-rodrigo-se-reune-com-equipe-para-ajustar-e-planejar-nova-gestao\/","title":{"rendered":"ITAPETINGA: RODRIGO SE RE\u00daNE COM EQUIPE PARA AJUSTAR E PLANEJAR NOVA GEST\u00c3O"},"content":{"rendered":"<div><\/div>\n<div><a href=\"https:\/\/www.sudoestehoje.com.br\/novoportal\/wp-content\/uploads\/2021\/01\/PREF.jpg\"><img loading=\"lazy\" decoding=\"async\" class=\"aligncenter size-medium wp-image-92405\" src=\"https:\/\/www.sudoestehoje.com.br\/novoportal\/wp-content\/uploads\/2021\/01\/PREF-500x235.jpg\" alt=\"\" width=\"500\" height=\"235\" srcset=\"https:\/\/www.sudoestehoje.com.br\/novoportal\/wp-content\/uploads\/2021\/01\/PREF-500x235.jpg 500w, https:\/\/www.sudoestehoje.com.br\/novoportal\/wp-content\/uploads\/2021\/01\/PREF-700x329.jpg 700w, https:\/\/www.sudoestehoje.com.br\/novoportal\/wp-content\/uploads\/2021\/01\/PREF-768x361.jpg 768w, https:\/\/www.sudoestehoje.com.br\/novoportal\/wp-content\/uploads\/2021\/01\/PREF-1536x722.jpg 1536w, https:\/\/www.sudoestehoje.com.br\/novoportal\/wp-content\/uploads\/2021\/01\/PREF.jpg 1600w\" sizes=\"auto, (max-width: 500px) 100vw, 500px\" \/><\/a><\/div>\n<div class=\"entry-headline h5\">Ajustes e muitos di\u00e1logos marcaram o primeiro dia da nova gest\u00e3o municipal. O prefeito reeleito Rodrigo Hagge reuniu-se com secret\u00e1rios que fizeram parte da equipe nos \u00faltimos anos para avalia\u00e7\u00e3o do trabalho executado e discuss\u00e3o de a\u00e7\u00f5es que precisar\u00e3o ser implementadas na nova gest\u00e3o.<\/div>\n<p>O prefeito agradeceu a parceria de todos e falou sobre a necessidade de reorganiza\u00e7\u00e3o para um novo ciclo. Neste sentido, emitiu decreto exonerando todo o primeiro escal\u00e3o, al\u00e9m de contratados, nomeados e cargos em comiss\u00e3o.<\/p>\n<p>O segundo dia de gest\u00e3o seguir\u00e1 com mais reuni\u00f5es para defini\u00e7\u00e3o do novo grupo que atuar\u00e1 na gest\u00e3o nos pr\u00f3ximos quatro anos.<\/p>\n<p>Segundo o prefeito, \u201cconseguimos formar um grupo coeso, parceiro e que desenvolveu um bom trabalho frente \u00e0 gest\u00e3o municipal nos \u00faltimos anos, o que foi reconhecido nas urnas pela popula\u00e7\u00e3o. Mas a gente reconhece que alguns ajustes s\u00e3o necess\u00e1rios com o objetivo de nos aperfei\u00e7oar para levarmos o melhor servi\u00e7o para o itapetinguense\u201d, afirmou Rodrigo Hagge.<\/p>\n","protected":false},"excerpt":{"rendered":"<p>Ajustes e muitos di\u00e1logos marcaram o primeiro dia da nova gest\u00e3o municipal. O prefeito reeleito Rodrigo Hagge reuniu-se com secret\u00e1rios que fizeram parte da equipe nos \u00faltimos anos para avalia\u00e7\u00e3o do trabalho executado e discuss\u00e3o de a\u00e7\u00f5es que precisar\u00e3o ser implementadas na nova gest\u00e3o. O prefeito agradeceu a parceria de todos e falou sobre a [&hellip;]<\/p>\n","protected":false},"author":2,"featured_media":92405,"comment_status":"open","ping_status":"open","sticky":false,"template":"","format":"standard","meta":{"footnotes":"","_links_to":"","_links_to_target":""},"categories":[1],"tags":[],"class_list":["post-92401","post","type-post","status-publish","format-standard","has-post-thumbnail","hentry","category-geral"],"views":1161,"_links":{"self":[{"href":"https:\/\/www.sudoestehoje.com.br\/novoportal\/wp-json\/wp\/v2\/posts\/92401","targetHints":{"allow":["GET"]}}],"collection":[{"href":"https:\/\/www.sudoestehoje.com.br\/novoportal\/wp-json\/wp\/v2\/posts"}],"about":[{"href":"https:\/\/www.sudoestehoje.com.br\/novoportal\/wp-json\/wp\/v2\/types\/post"}],"author":[{"embeddable":true,"href":"https:\/\/www.sudoestehoje.com.br\/novoportal\/wp-json\/wp\/v2\/users\/2"}],"replies":[{"embeddable":true,"href":"https:\/\/www.sudoestehoje.com.br\/novoportal\/wp-json\/wp\/v2\/comments?post=92401"}],"version-history":[{"count":4,"href":"https:\/\/www.sudoestehoje.com.br\/novoportal\/wp-json\/wp\/v2\/posts\/92401\/revisions"}],"predecessor-version":[{"id":92406,"href":"https:\/\/www.sudoestehoje.com.br\/novoportal\/wp-json\/wp\/v2\/posts\/92401\/revisions\/92406"}],"wp:featuredmedia":[{"embeddable":true,"href":"https:\/\/www.sudoestehoje.com.br\/novoportal\/wp-json\/wp\/v2\/media\/92405"}],"wp:attachment":[{"href":"https:\/\/www.sudoestehoje.com.br\/novoportal\/wp-json\/wp\/v2\/media?parent=92401"}],"wp:term":[{"taxonomy":"category","embeddable":true,"href":"https:\/\/www.sudoestehoje.com.br\/novoportal\/wp-json\/wp\/v2\/categories?post=92401"},{"taxonomy":"post_tag","embeddable":true,"href":"https:\/\/www.sudoestehoje.com.br\/novoportal\/wp-json\/wp\/v2\/tags?post=92401"}],"curies":[{"name":"wp","href":"https:\/\/api.w.org\/{rel}","templated":true}]}}