
{"id":92397,"date":"2021-01-04T20:41:50","date_gmt":"2021-01-04T23:41:50","guid":{"rendered":"https:\/\/www.sudoestehoje.com.br\/novoportal\/?p=92397"},"modified":"2021-01-04T20:41:50","modified_gmt":"2021-01-04T23:41:50","slug":"governo-prorroga-decreto-que-proibe-aulas-na-bahia-e-realizacao-de-festas","status":"publish","type":"post","link":"https:\/\/www.sudoestehoje.com.br\/novoportal\/2021\/01\/04\/governo-prorroga-decreto-que-proibe-aulas-na-bahia-e-realizacao-de-festas\/","title":{"rendered":"GOVERNO PRORROGA DECRETO QUE PRO\u00cdBE AULAS NA BAHIA E REALIZA\u00c7\u00c3O DE FESTAS"},"content":{"rendered":"<p><a href=\"https:\/\/www.sudoestehoje.com.br\/novoportal\/wp-content\/uploads\/2021\/01\/SALA-DE-AULA.jpeg\"><img loading=\"lazy\" decoding=\"async\" class=\"aligncenter size-medium wp-image-92399\" src=\"https:\/\/www.sudoestehoje.com.br\/novoportal\/wp-content\/uploads\/2021\/01\/SALA-DE-AULA-500x314.jpeg\" alt=\"\" width=\"500\" height=\"314\" srcset=\"https:\/\/www.sudoestehoje.com.br\/novoportal\/wp-content\/uploads\/2021\/01\/SALA-DE-AULA-500x314.jpeg 500w, https:\/\/www.sudoestehoje.com.br\/novoportal\/wp-content\/uploads\/2021\/01\/SALA-DE-AULA-700x440.jpeg 700w, https:\/\/www.sudoestehoje.com.br\/novoportal\/wp-content\/uploads\/2021\/01\/SALA-DE-AULA-768x482.jpeg 768w, https:\/\/www.sudoestehoje.com.br\/novoportal\/wp-content\/uploads\/2021\/01\/SALA-DE-AULA.jpeg 780w\" sizes=\"auto, (max-width: 500px) 100vw, 500px\" \/><\/a><\/p>\n<p>O Governo do Estado prorrogou o decreto que suspende as aulas presenciais nas unidades de ensino das redes p\u00fablica e privada e os shows em toda a Bahia. A prorroga\u00e7\u00e3o ser\u00e1 publicada no\u00a0<em>Di\u00e1rio Oficial do Estado<\/em>\u00a0(DOE) desta ter\u00e7a-feira (5) e vale at\u00e9 o dia 15 de janeiro de 2021.<\/p>\n<p>O decreto, que venceria nesta segunda (4), ainda pro\u00edbe a realiza\u00e7\u00e3o de atividades com p\u00fablico superior a 200 pessoas, como passeatas, feiras, circos, eventos cient\u00edficos, desportivos e religiosos. Shows e festas, p\u00fablicas ou privadas, seguem proibidos independentemente do n\u00famero de participantes.<\/p>\n<p>Cerim\u00f4nias de casamento e solenidades de formatura podem ser realizadas desde que limitadas a at\u00e9 200 pessoas. A parte festiva desses eventos n\u00e3o est\u00e1 permitida.<\/p>\n","protected":false},"excerpt":{"rendered":"<p>O Governo do Estado prorrogou o decreto que suspende as aulas presenciais nas unidades de ensino das redes p\u00fablica e privada e os shows em toda a Bahia. A prorroga\u00e7\u00e3o ser\u00e1 publicada no\u00a0Di\u00e1rio Oficial do Estado\u00a0(DOE) desta ter\u00e7a-feira (5) e vale at\u00e9 o dia 15 de janeiro de 2021. O decreto, que venceria nesta segunda [&hellip;]<\/p>\n","protected":false},"author":2,"featured_media":92399,"comment_status":"open","ping_status":"open","sticky":false,"template":"","format":"standard","meta":{"footnotes":"","_links_to":"","_links_to_target":""},"categories":[1],"tags":[],"class_list":["post-92397","post","type-post","status-publish","format-standard","has-post-thumbnail","hentry","category-geral"],"views":1354,"_links":{"self":[{"href":"https:\/\/www.sudoestehoje.com.br\/novoportal\/wp-json\/wp\/v2\/posts\/92397","targetHints":{"allow":["GET"]}}],"collection":[{"href":"https:\/\/www.sudoestehoje.com.br\/novoportal\/wp-json\/wp\/v2\/posts"}],"about":[{"href":"https:\/\/www.sudoestehoje.com.br\/novoportal\/wp-json\/wp\/v2\/types\/post"}],"author":[{"embeddable":true,"href":"https:\/\/www.sudoestehoje.com.br\/novoportal\/wp-json\/wp\/v2\/users\/2"}],"replies":[{"embeddable":true,"href":"https:\/\/www.sudoestehoje.com.br\/novoportal\/wp-json\/wp\/v2\/comments?post=92397"}],"version-history":[{"count":2,"href":"https:\/\/www.sudoestehoje.com.br\/novoportal\/wp-json\/wp\/v2\/posts\/92397\/revisions"}],"predecessor-version":[{"id":92400,"href":"https:\/\/www.sudoestehoje.com.br\/novoportal\/wp-json\/wp\/v2\/posts\/92397\/revisions\/92400"}],"wp:featuredmedia":[{"embeddable":true,"href":"https:\/\/www.sudoestehoje.com.br\/novoportal\/wp-json\/wp\/v2\/media\/92399"}],"wp:attachment":[{"href":"https:\/\/www.sudoestehoje.com.br\/novoportal\/wp-json\/wp\/v2\/media?parent=92397"}],"wp:term":[{"taxonomy":"category","embeddable":true,"href":"https:\/\/www.sudoestehoje.com.br\/novoportal\/wp-json\/wp\/v2\/categories?post=92397"},{"taxonomy":"post_tag","embeddable":true,"href":"https:\/\/www.sudoestehoje.com.br\/novoportal\/wp-json\/wp\/v2\/tags?post=92397"}],"curies":[{"name":"wp","href":"https:\/\/api.w.org\/{rel}","templated":true}]}}