
{"id":92388,"date":"2021-01-04T18:10:07","date_gmt":"2021-01-04T21:10:07","guid":{"rendered":"https:\/\/www.sudoestehoje.com.br\/novoportal\/?p=92388"},"modified":"2021-01-04T18:23:47","modified_gmt":"2021-01-04T21:23:47","slug":"nova-canaa-secretario-e-tesoureira-da-prefeitura-morrem-de-covid-19-em-conquista","status":"publish","type":"post","link":"https:\/\/www.sudoestehoje.com.br\/novoportal\/2021\/01\/04\/nova-canaa-secretario-e-tesoureira-da-prefeitura-morrem-de-covid-19-em-conquista\/","title":{"rendered":"NOVA CANA\u00c3: SECRET\u00c1RIO E TESOUREIRA DA PREFEITURA MORREM DE COVID-19 EM CONQUISTA"},"content":{"rendered":"<p><a href=\"https:\/\/www.sudoestehoje.com.br\/novoportal\/wp-content\/uploads\/2021\/01\/secret\u00e1rio-n-canaa.jpg\"><img loading=\"lazy\" decoding=\"async\" class=\"aligncenter wp-image-92390\" src=\"https:\/\/www.sudoestehoje.com.br\/novoportal\/wp-content\/uploads\/2021\/01\/secret\u00e1rio-n-canaa.jpg\" alt=\"\" width=\"500\" height=\"548\" \/><\/a><\/p>\n<p>O munic\u00edpio de Nova Cana\u00e3, no M\u00e9dio Sudoeste da Bahia, sofreu nesta segunda-feira (4), duas perdas importantes vitimadas pelo Coronav\u00edrus: o secret\u00e1rio municipal de administra\u00e7\u00e3o, ADRIANO SILVA CAETIT\u00c9, e a tesoureira municipal PATR\u00cdCIA REIS PEIXOTO.<\/p>\n<p>Adriano faleceu no Hospital de Base de Vit\u00f3ria da Conquista, onde estava internado para tratamento da doen\u00e7a, h\u00e1 um m\u00eas.\u00a0J\u00e1 Patr\u00edcia estava no Hospital de Cl\u00ednicas, tamb\u00e9m em Conquista, a cerca de 30 dias, onde veio a falecer.<\/p>\n<p><a href=\"https:\/\/www.sudoestehoje.com.br\/novoportal\/wp-content\/uploads\/2021\/01\/tesoureira-n-canaa.jpg\"><img loading=\"lazy\" decoding=\"async\" class=\"aligncenter wp-image-92392\" src=\"https:\/\/www.sudoestehoje.com.br\/novoportal\/wp-content\/uploads\/2021\/01\/tesoureira-n-canaa.jpg\" alt=\"\" width=\"500\" height=\"547\" \/><\/a><\/p>\n<p>O prefeito de Nova Cana\u00e3, Dr. Marival, decretou luto oficial por 3 dias e lamentou a perda irrepar\u00e1vel dos seus auxiliares na gest\u00e3o do munic\u00edpio.<\/p>\n<p><strong><em>Reda\u00e7\u00e3o Sudoeste Hoje<\/em><\/strong><\/p>\n","protected":false},"excerpt":{"rendered":"<p>O munic\u00edpio de Nova Cana\u00e3, no M\u00e9dio Sudoeste da Bahia, sofreu nesta segunda-feira (4), duas perdas importantes vitimadas pelo Coronav\u00edrus: o secret\u00e1rio municipal de administra\u00e7\u00e3o, ADRIANO SILVA CAETIT\u00c9, e a tesoureira municipal PATR\u00cdCIA REIS PEIXOTO. Adriano faleceu no Hospital de Base de Vit\u00f3ria da Conquista, onde estava internado para tratamento da doen\u00e7a, h\u00e1 um m\u00eas.\u00a0J\u00e1 [&hellip;]<\/p>\n","protected":false},"author":2,"featured_media":92390,"comment_status":"open","ping_status":"open","sticky":false,"template":"","format":"standard","meta":{"footnotes":"","_links_to":"","_links_to_target":""},"categories":[1],"tags":[],"class_list":["post-92388","post","type-post","status-publish","format-standard","has-post-thumbnail","hentry","category-geral"],"views":1386,"_links":{"self":[{"href":"https:\/\/www.sudoestehoje.com.br\/novoportal\/wp-json\/wp\/v2\/posts\/92388","targetHints":{"allow":["GET"]}}],"collection":[{"href":"https:\/\/www.sudoestehoje.com.br\/novoportal\/wp-json\/wp\/v2\/posts"}],"about":[{"href":"https:\/\/www.sudoestehoje.com.br\/novoportal\/wp-json\/wp\/v2\/types\/post"}],"author":[{"embeddable":true,"href":"https:\/\/www.sudoestehoje.com.br\/novoportal\/wp-json\/wp\/v2\/users\/2"}],"replies":[{"embeddable":true,"href":"https:\/\/www.sudoestehoje.com.br\/novoportal\/wp-json\/wp\/v2\/comments?post=92388"}],"version-history":[{"count":6,"href":"https:\/\/www.sudoestehoje.com.br\/novoportal\/wp-json\/wp\/v2\/posts\/92388\/revisions"}],"predecessor-version":[{"id":92396,"href":"https:\/\/www.sudoestehoje.com.br\/novoportal\/wp-json\/wp\/v2\/posts\/92388\/revisions\/92396"}],"wp:featuredmedia":[{"embeddable":true,"href":"https:\/\/www.sudoestehoje.com.br\/novoportal\/wp-json\/wp\/v2\/media\/92390"}],"wp:attachment":[{"href":"https:\/\/www.sudoestehoje.com.br\/novoportal\/wp-json\/wp\/v2\/media?parent=92388"}],"wp:term":[{"taxonomy":"category","embeddable":true,"href":"https:\/\/www.sudoestehoje.com.br\/novoportal\/wp-json\/wp\/v2\/categories?post=92388"},{"taxonomy":"post_tag","embeddable":true,"href":"https:\/\/www.sudoestehoje.com.br\/novoportal\/wp-json\/wp\/v2\/tags?post=92388"}],"curies":[{"name":"wp","href":"https:\/\/api.w.org\/{rel}","templated":true}]}}