
{"id":92384,"date":"2021-01-04T11:47:53","date_gmt":"2021-01-04T14:47:53","guid":{"rendered":"https:\/\/www.sudoestehoje.com.br\/novoportal\/?p=92384"},"modified":"2021-01-04T11:47:53","modified_gmt":"2021-01-04T14:47:53","slug":"deputado-antonio-brito-sera-o-lider-do-psd-na-camara-federal","status":"publish","type":"post","link":"https:\/\/www.sudoestehoje.com.br\/novoportal\/2021\/01\/04\/deputado-antonio-brito-sera-o-lider-do-psd-na-camara-federal\/","title":{"rendered":"DEPUTADO ANT\u00d4NIO BRITO SER\u00c1 O L\u00cdDER DO PSD NA C\u00c2MARA FEDERAL"},"content":{"rendered":"<p><a href=\"https:\/\/www.sudoestehoje.com.br\/novoportal\/wp-content\/uploads\/2021\/01\/Antonio-Brito-veto-Pro-Santas-Casas-e1540344860180.jpeg\"><img loading=\"lazy\" decoding=\"async\" class=\"aligncenter size-full wp-image-92386\" src=\"https:\/\/www.sudoestehoje.com.br\/novoportal\/wp-content\/uploads\/2021\/01\/Antonio-Brito-veto-Pro-Santas-Casas-e1540344860180.jpeg\" alt=\"\" width=\"450\" height=\"253\" \/><\/a><\/p>\n<p>O deputado federal Ant\u00f4nio Brito (PSD) ser\u00e1 o l\u00edder da bancada do partido na C\u00e2mara em 2021. O an\u00fancio foi feito pelo presidente nacional do PSD, Gilberto Kassab, em contato com a coluna <a href=\"https:\/\/www1.folha.uol.com.br\/colunas\/painel\/2021\/01\/kassab-diz-que-os-35-deputados-do-psd-devem-votar-em-lira.shtml\">Painel, da Folha de S. Paulo<\/a>. Brito substitui o deputado Diego Andrade (MG).<\/p>\n<p>Na mesma publica\u00e7\u00e3o, Kassab diz ainda que os 35 deputados do partido devem optar por Arthur Lira \u00e0 presid\u00eancia da C\u00e2mara. \u201cBancada tem autonomia. Mas praticamente todos fechados com Arthur. A come\u00e7ar pelo atual e futuro l\u00edderes\u201d.<\/p>\n","protected":false},"excerpt":{"rendered":"<p>O deputado federal Ant\u00f4nio Brito (PSD) ser\u00e1 o l\u00edder da bancada do partido na C\u00e2mara em 2021. O an\u00fancio foi feito pelo presidente nacional do PSD, Gilberto Kassab, em contato com a coluna Painel, da Folha de S. Paulo. Brito substitui o deputado Diego Andrade (MG). Na mesma publica\u00e7\u00e3o, Kassab diz ainda que os 35 [&hellip;]<\/p>\n","protected":false},"author":2,"featured_media":92386,"comment_status":"open","ping_status":"open","sticky":false,"template":"","format":"standard","meta":{"footnotes":"","_links_to":"","_links_to_target":""},"categories":[1],"tags":[],"class_list":["post-92384","post","type-post","status-publish","format-standard","has-post-thumbnail","hentry","category-geral"],"views":950,"_links":{"self":[{"href":"https:\/\/www.sudoestehoje.com.br\/novoportal\/wp-json\/wp\/v2\/posts\/92384","targetHints":{"allow":["GET"]}}],"collection":[{"href":"https:\/\/www.sudoestehoje.com.br\/novoportal\/wp-json\/wp\/v2\/posts"}],"about":[{"href":"https:\/\/www.sudoestehoje.com.br\/novoportal\/wp-json\/wp\/v2\/types\/post"}],"author":[{"embeddable":true,"href":"https:\/\/www.sudoestehoje.com.br\/novoportal\/wp-json\/wp\/v2\/users\/2"}],"replies":[{"embeddable":true,"href":"https:\/\/www.sudoestehoje.com.br\/novoportal\/wp-json\/wp\/v2\/comments?post=92384"}],"version-history":[{"count":2,"href":"https:\/\/www.sudoestehoje.com.br\/novoportal\/wp-json\/wp\/v2\/posts\/92384\/revisions"}],"predecessor-version":[{"id":92387,"href":"https:\/\/www.sudoestehoje.com.br\/novoportal\/wp-json\/wp\/v2\/posts\/92384\/revisions\/92387"}],"wp:featuredmedia":[{"embeddable":true,"href":"https:\/\/www.sudoestehoje.com.br\/novoportal\/wp-json\/wp\/v2\/media\/92386"}],"wp:attachment":[{"href":"https:\/\/www.sudoestehoje.com.br\/novoportal\/wp-json\/wp\/v2\/media?parent=92384"}],"wp:term":[{"taxonomy":"category","embeddable":true,"href":"https:\/\/www.sudoestehoje.com.br\/novoportal\/wp-json\/wp\/v2\/categories?post=92384"},{"taxonomy":"post_tag","embeddable":true,"href":"https:\/\/www.sudoestehoje.com.br\/novoportal\/wp-json\/wp\/v2\/tags?post=92384"}],"curies":[{"name":"wp","href":"https:\/\/api.w.org\/{rel}","templated":true}]}}