
{"id":92377,"date":"2021-01-04T09:36:53","date_gmt":"2021-01-04T12:36:53","guid":{"rendered":"https:\/\/www.sudoestehoje.com.br\/novoportal\/?p=92377"},"modified":"2021-01-04T10:14:24","modified_gmt":"2021-01-04T13:14:24","slug":"beneficiarios-do-auxilio-emergencial-ainda-causam-aglomeracao-em-frente-a-caixa","status":"publish","type":"post","link":"https:\/\/www.sudoestehoje.com.br\/novoportal\/2021\/01\/04\/beneficiarios-do-auxilio-emergencial-ainda-causam-aglomeracao-em-frente-a-caixa\/","title":{"rendered":"BENEFICI\u00c1RIOS DO AUX\u00cdLIO EMERGENCIAL AINDA CAUSAM AGLOMERA\u00c7\u00c3O EM FRENTE \u00c0 CAIXA"},"content":{"rendered":"<p><a href=\"https:\/\/www.sudoestehoje.com.br\/novoportal\/wp-content\/uploads\/2021\/01\/caixa.jpeg\"><img loading=\"lazy\" decoding=\"async\" class=\"aligncenter size-medium wp-image-92380\" src=\"https:\/\/www.sudoestehoje.com.br\/novoportal\/wp-content\/uploads\/2021\/01\/caixa-500x375.jpeg\" alt=\"\" width=\"500\" height=\"375\" srcset=\"https:\/\/www.sudoestehoje.com.br\/novoportal\/wp-content\/uploads\/2021\/01\/caixa-500x375.jpeg 500w, https:\/\/www.sudoestehoje.com.br\/novoportal\/wp-content\/uploads\/2021\/01\/caixa-700x525.jpeg 700w, https:\/\/www.sudoestehoje.com.br\/novoportal\/wp-content\/uploads\/2021\/01\/caixa-768x576.jpeg 768w, https:\/\/www.sudoestehoje.com.br\/novoportal\/wp-content\/uploads\/2021\/01\/caixa.jpeg 1280w\" sizes=\"auto, (max-width: 500px) 100vw, 500px\" \/><\/a><\/p>\n<p>Apesar do governo federal ter anunciado o fim o Aux\u00edlio Emergencial pago durante o per\u00edodo da pandemia, a Caixa Econ\u00f4mica Federal continua efetuando o pagamento residual do benef\u00edcio , para uma parte da popula\u00e7\u00e3o.<\/p>\n<p>Na manh\u00e3 desta segunda-feira (4), em Itapetinga, mais uma aglomera\u00e7\u00e3o se formou em frente \u00e0 ag\u00eancia da Caixa, sem quaisquer medidas para conter a contamina\u00e7\u00e3o de pessoas, pela Covid-19.<\/p>\n<p>O pagamento do auxilio do governo, apesar das aglomera\u00e7\u00f5es, injetou dinheiro na economia, deu f\u00f4lego ao com\u00e9rcio e um pouco de al\u00edvio \u00e0 popula\u00e7\u00e3o de baixa renda, durante cerca de 9 meses da pandemia.<\/p>\n<p><strong><em>Por Davi Ferraz<\/em><\/strong><\/p>\n","protected":false},"excerpt":{"rendered":"<p>Apesar do governo federal ter anunciado o fim o Aux\u00edlio Emergencial pago durante o per\u00edodo da pandemia, a Caixa Econ\u00f4mica Federal continua efetuando o pagamento residual do benef\u00edcio , para uma parte da popula\u00e7\u00e3o. Na manh\u00e3 desta segunda-feira (4), em Itapetinga, mais uma aglomera\u00e7\u00e3o se formou em frente \u00e0 ag\u00eancia da Caixa, sem quaisquer medidas [&hellip;]<\/p>\n","protected":false},"author":2,"featured_media":92380,"comment_status":"open","ping_status":"open","sticky":false,"template":"","format":"standard","meta":{"footnotes":"","_links_to":"","_links_to_target":""},"categories":[1],"tags":[],"class_list":["post-92377","post","type-post","status-publish","format-standard","has-post-thumbnail","hentry","category-geral"],"views":907,"_links":{"self":[{"href":"https:\/\/www.sudoestehoje.com.br\/novoportal\/wp-json\/wp\/v2\/posts\/92377","targetHints":{"allow":["GET"]}}],"collection":[{"href":"https:\/\/www.sudoestehoje.com.br\/novoportal\/wp-json\/wp\/v2\/posts"}],"about":[{"href":"https:\/\/www.sudoestehoje.com.br\/novoportal\/wp-json\/wp\/v2\/types\/post"}],"author":[{"embeddable":true,"href":"https:\/\/www.sudoestehoje.com.br\/novoportal\/wp-json\/wp\/v2\/users\/2"}],"replies":[{"embeddable":true,"href":"https:\/\/www.sudoestehoje.com.br\/novoportal\/wp-json\/wp\/v2\/comments?post=92377"}],"version-history":[{"count":5,"href":"https:\/\/www.sudoestehoje.com.br\/novoportal\/wp-json\/wp\/v2\/posts\/92377\/revisions"}],"predecessor-version":[{"id":92383,"href":"https:\/\/www.sudoestehoje.com.br\/novoportal\/wp-json\/wp\/v2\/posts\/92377\/revisions\/92383"}],"wp:featuredmedia":[{"embeddable":true,"href":"https:\/\/www.sudoestehoje.com.br\/novoportal\/wp-json\/wp\/v2\/media\/92380"}],"wp:attachment":[{"href":"https:\/\/www.sudoestehoje.com.br\/novoportal\/wp-json\/wp\/v2\/media?parent=92377"}],"wp:term":[{"taxonomy":"category","embeddable":true,"href":"https:\/\/www.sudoestehoje.com.br\/novoportal\/wp-json\/wp\/v2\/categories?post=92377"},{"taxonomy":"post_tag","embeddable":true,"href":"https:\/\/www.sudoestehoje.com.br\/novoportal\/wp-json\/wp\/v2\/tags?post=92377"}],"curies":[{"name":"wp","href":"https:\/\/api.w.org\/{rel}","templated":true}]}}