
{"id":92364,"date":"2021-01-02T18:09:46","date_gmt":"2021-01-02T21:09:46","guid":{"rendered":"https:\/\/www.sudoestehoje.com.br\/novoportal\/?p=92364"},"modified":"2021-01-02T18:20:05","modified_gmt":"2021-01-02T21:20:05","slug":"itororo-prefeito-paulo-rios-vice-e-vereadores-tomaram-posse-nesta-sexta","status":"publish","type":"post","link":"https:\/\/www.sudoestehoje.com.br\/novoportal\/2021\/01\/02\/itororo-prefeito-paulo-rios-vice-e-vereadores-tomaram-posse-nesta-sexta\/","title":{"rendered":"ITOROR\u00d3: PREFEITO PAULO RIOS, VICE E VEREADORES TOMARAM POSSE NESTA SEXTA"},"content":{"rendered":"<div class=\"mc-column content-text active-extra-styles active-capital-letter\" data-block-type=\"unstyled\" data-block-weight=\"27\" data-block-id=\"1\">\n<p data-track-category=\"Link no Texto\" data-track-links=\"\"><a href=\"https:\/\/www.sudoestehoje.com.br\/novoportal\/wp-content\/uploads\/2021\/01\/POSSE-ITORORO-crop.jpg\"><img loading=\"lazy\" decoding=\"async\" class=\"aligncenter wp-image-92365\" src=\"https:\/\/www.sudoestehoje.com.br\/novoportal\/wp-content\/uploads\/2021\/01\/POSSE-ITORORO-crop.jpg\" alt=\"\" width=\"500\" height=\"243\" \/><\/a><\/p>\n<p class=\"content-text__container theme-color-primary-first-letter\" data-track-category=\"Link no Texto\" data-track-links=\"\">O novo prefeito de Itoror\u00f3, Paulo Rios (PP), tomou posse nesta sexta-feira (1\u00ba). Al\u00e9m dele, 11 vereadores assumiram o cargo na C\u00e2mara Municipal para a legislatura 2021-2024.<\/p>\n<\/div>\n<div class=\"wall protected-content\">\n<div class=\"mc-column content-text active-extra-styles \" data-block-type=\"unstyled\" data-block-weight=\"65\" data-block-id=\"2\">\n<p class=\"content-text__container \" data-track-category=\"Link no Texto\" data-track-links=\"\">O prefeito Paulo Carneiro Rios tem 66 anos, \u00e9 casado, declara ao TSE a ocupa\u00e7\u00e3o de comerciante e tem ensino m\u00e9dio completo. Ele tem um patrim\u00f4nio declarado de R$ 352.646,37. J\u00e1 a vice Marc\u00edlia Costa (Marc\u00edlia da Silva Costa), do PSDB, tem 40 anos, \u00e9 solteira, declara ao TSE a ocupa\u00e7\u00e3o de enfermeira e tem superior completo. Ela tem um patrim\u00f4nio declarado de R$ 88.000,00.<\/p>\n<\/div>\n<div class=\"mc-column content-text active-extra-styles \" data-block-type=\"unstyled\" data-block-weight=\"25\" data-block-id=\"3\">\n<p class=\"content-text__container \" data-track-category=\"Link no Texto\" data-track-links=\"\">O prefeito e os vereadores do munic\u00edpio foram eleitos em novembro do ano passado. A maior bancada da C\u00e2mara ser\u00e1 do PP, com 4 vereadores.<\/p>\n<\/div>\n<div class=\"mc-column content-text active-extra-styles \" data-block-type=\"unstyled\" data-block-weight=\"71\" data-block-id=\"4\">\n<p class=\"content-text__container \" data-track-category=\"Link no Texto\" data-track-links=\"\">Cabe \u00e0 prefeito decidir onde aplicar os recursos repassados ao munic\u00edpio pelo Estado ou pelo governo federal e como administrar o que \u00e9 arrecadado de impostos, como IPTU e ISS. Ele tamb\u00e9m \u00e9 respons\u00e1vel pelas pol\u00edticas de \u00e1reas como educa\u00e7\u00e3o, sa\u00fade, moradia, transporte p\u00fablico e saneamento b\u00e1sico. Para isso, conta com secret\u00e1rios que s\u00e3o nomeados. O prefeito tamb\u00e9m precisa trabalhar junto com os vereadores, que representam os cidad\u00e3os no Legislativo municipal.<\/p>\n<\/div>\n<div class=\"mc-column content-text active-extra-styles \" data-block-type=\"unstyled\" data-block-weight=\"49\" data-block-id=\"5\">\n<p class=\"content-text__container \" data-track-category=\"Link no Texto\" data-track-links=\"\">Os vereadores s\u00e3o respons\u00e1veis por elaborar e propor leis. Os vereadores podem decidir, por exemplo, sobre a cria\u00e7\u00e3o de pol\u00edticas p\u00fablicas. E t\u00eam a obriga\u00e7\u00e3o de fiscalizar o uso do dinheiro pelo Executivo e analisar a Lei Or\u00e7ament\u00e1ria Anual (LOA), que estabelece as despesas do ano seguinte do munic\u00edpio.<\/p>\n<\/div>\n<\/div>\n","protected":false},"excerpt":{"rendered":"<p>O novo prefeito de Itoror\u00f3, Paulo Rios (PP), tomou posse nesta sexta-feira (1\u00ba). Al\u00e9m dele, 11 vereadores assumiram o cargo na C\u00e2mara Municipal para a legislatura 2021-2024. O prefeito Paulo Carneiro Rios tem 66 anos, \u00e9 casado, declara ao TSE a ocupa\u00e7\u00e3o de comerciante e tem ensino m\u00e9dio completo. Ele tem um patrim\u00f4nio declarado de [&hellip;]<\/p>\n","protected":false},"author":2,"featured_media":92365,"comment_status":"open","ping_status":"open","sticky":false,"template":"","format":"standard","meta":{"footnotes":"","_links_to":"","_links_to_target":""},"categories":[1],"tags":[],"class_list":["post-92364","post","type-post","status-publish","format-standard","has-post-thumbnail","hentry","category-geral"],"views":966,"_links":{"self":[{"href":"https:\/\/www.sudoestehoje.com.br\/novoportal\/wp-json\/wp\/v2\/posts\/92364","targetHints":{"allow":["GET"]}}],"collection":[{"href":"https:\/\/www.sudoestehoje.com.br\/novoportal\/wp-json\/wp\/v2\/posts"}],"about":[{"href":"https:\/\/www.sudoestehoje.com.br\/novoportal\/wp-json\/wp\/v2\/types\/post"}],"author":[{"embeddable":true,"href":"https:\/\/www.sudoestehoje.com.br\/novoportal\/wp-json\/wp\/v2\/users\/2"}],"replies":[{"embeddable":true,"href":"https:\/\/www.sudoestehoje.com.br\/novoportal\/wp-json\/wp\/v2\/comments?post=92364"}],"version-history":[{"count":2,"href":"https:\/\/www.sudoestehoje.com.br\/novoportal\/wp-json\/wp\/v2\/posts\/92364\/revisions"}],"predecessor-version":[{"id":92367,"href":"https:\/\/www.sudoestehoje.com.br\/novoportal\/wp-json\/wp\/v2\/posts\/92364\/revisions\/92367"}],"wp:featuredmedia":[{"embeddable":true,"href":"https:\/\/www.sudoestehoje.com.br\/novoportal\/wp-json\/wp\/v2\/media\/92365"}],"wp:attachment":[{"href":"https:\/\/www.sudoestehoje.com.br\/novoportal\/wp-json\/wp\/v2\/media?parent=92364"}],"wp:term":[{"taxonomy":"category","embeddable":true,"href":"https:\/\/www.sudoestehoje.com.br\/novoportal\/wp-json\/wp\/v2\/categories?post=92364"},{"taxonomy":"post_tag","embeddable":true,"href":"https:\/\/www.sudoestehoje.com.br\/novoportal\/wp-json\/wp\/v2\/tags?post=92364"}],"curies":[{"name":"wp","href":"https:\/\/api.w.org\/{rel}","templated":true}]}}