
{"id":92360,"date":"2021-01-02T17:50:40","date_gmt":"2021-01-02T20:50:40","guid":{"rendered":"https:\/\/www.sudoestehoje.com.br\/novoportal\/?p=92360"},"modified":"2021-01-02T18:23:48","modified_gmt":"2021-01-02T21:23:48","slug":"regiao-prefeita-selma-souto-vice-e-vereadores-de-macarani-tomam-posse","status":"publish","type":"post","link":"https:\/\/www.sudoestehoje.com.br\/novoportal\/2021\/01\/02\/regiao-prefeita-selma-souto-vice-e-vereadores-de-macarani-tomam-posse\/","title":{"rendered":"REGI\u00c3O: PREFEITA SELMA SOUTO, VICE E VEREADORES DE MACARANI TOMAM POSSE"},"content":{"rendered":"<div class=\"mc-column content-text active-extra-styles active-capital-letter\" data-block-type=\"unstyled\" data-block-weight=\"27\" data-block-id=\"1\">\n<p data-track-category=\"Link no Texto\" data-track-links=\"\"><a href=\"https:\/\/www.sudoestehoje.com.br\/novoportal\/wp-content\/uploads\/2021\/01\/posse-selma-macarani.jpg\"><img loading=\"lazy\" decoding=\"async\" class=\"aligncenter size-medium wp-image-92368\" src=\"https:\/\/www.sudoestehoje.com.br\/novoportal\/wp-content\/uploads\/2021\/01\/posse-selma-macarani-500x333.jpg\" alt=\"\" width=\"500\" height=\"333\" srcset=\"https:\/\/www.sudoestehoje.com.br\/novoportal\/wp-content\/uploads\/2021\/01\/posse-selma-macarani-500x333.jpg 500w, https:\/\/www.sudoestehoje.com.br\/novoportal\/wp-content\/uploads\/2021\/01\/posse-selma-macarani-700x466.jpg 700w, https:\/\/www.sudoestehoje.com.br\/novoportal\/wp-content\/uploads\/2021\/01\/posse-selma-macarani-768x512.jpg 768w, https:\/\/www.sudoestehoje.com.br\/novoportal\/wp-content\/uploads\/2021\/01\/posse-selma-macarani.jpg 1280w\" sizes=\"auto, (max-width: 500px) 100vw, 500px\" \/><\/a><\/p>\n<p class=\"content-text__container theme-color-primary-first-letter\" data-track-category=\"Link no Texto\" data-track-links=\"\">A nova prefeita de Macarani, Selma Souto (PSD), toma posse nesta sexta-feira (1\u00ba). Al\u00e9m dela, 11 vereadores assumem o cargo na C\u00e2mara Municipal para a legislatura 2021-2024.<\/p>\n<\/div>\n<div class=\"wall protected-content\">\n<div class=\"mc-column content-text active-extra-styles \" data-block-type=\"unstyled\" data-block-weight=\"67\" data-block-id=\"2\">\n<p class=\"content-text__container \" data-track-category=\"Link no Texto\" data-track-links=\"\">A prefeita Selma Rodrigues Souto tem 42 anos, \u00e9 solteira, declara ao TSE a ocupa\u00e7\u00e3o de professora de ensino fundamental e tem superior completo. Ela tem um patrim\u00f4nio declarado de R$ 122.314,00. J\u00e1 o vice Elson Evangelista (Elson Evangelista Silva), do PL, tem 55 anos, \u00e9 casado, declara ao TSE a ocupa\u00e7\u00e3o de empres\u00e1rio e tem superior completo. Ele tem um patrim\u00f4nio declarado de R$ 920.000,00.<\/p>\n<\/div>\n<div class=\"mc-column content-text active-extra-styles \" data-block-type=\"unstyled\" data-block-weight=\"27\" data-block-id=\"3\">\n<p class=\"content-text__container \" data-track-category=\"Link no Texto\" data-track-links=\"\">A prefeita e os vereadores do munic\u00edpio foram eleitos em novembro do ano passado. As maiores bancadas ser\u00e3o do MDB e PL, com 3 vereadores cada um.<\/p>\n<\/div>\n<div class=\"mc-column content-text active-extra-styles \" data-block-type=\"unstyled\" data-block-weight=\"71\" data-block-id=\"4\">\n<p class=\"content-text__container \" data-track-category=\"Link no Texto\" data-track-links=\"\">Cabe ao prefeita decidir onde aplicar os recursos repassados ao munic\u00edpio pelo Estado ou pelo governo federal e como administrar o que \u00e9 arrecadado de impostos, como IPTU e ISS. Ele tamb\u00e9m \u00e9 respons\u00e1vel pelas pol\u00edticas de \u00e1reas como educa\u00e7\u00e3o, sa\u00fade, moradia, transporte p\u00fablico e saneamento b\u00e1sico. Para isso, conta com secret\u00e1rios que s\u00e3o nomeados. A prefeita tamb\u00e9m precisa trabalhar junto com os vereadores, que representam os cidad\u00e3os no Legislativo municipal.<\/p>\n<\/div>\n<div class=\"mc-column content-text active-extra-styles \" data-block-type=\"unstyled\" data-block-weight=\"49\" data-block-id=\"5\">\n<p class=\"content-text__container \" data-track-category=\"Link no Texto\" data-track-links=\"\">Os vereadores s\u00e3o respons\u00e1veis por elaborar e propor leis. Os vereadores podem decidir, por exemplo, sobre a cria\u00e7\u00e3o de pol\u00edticas p\u00fablicas. E t\u00eam a obriga\u00e7\u00e3o de fiscalizar o uso do dinheiro pelo Executivo e analisar a Lei Or\u00e7ament\u00e1ria Anual (LOA), que estabelece as despesas do ano seguinte do munic\u00edpio.<\/p>\n<\/div>\n<div class=\"mc-column content-text active-extra-styles \" data-block-type=\"unstyled\" data-block-weight=\"23\" data-block-id=\"6\">\n<p class=\"content-text__container \" data-track-category=\"Link no Texto\" data-track-links=\"\">H\u00e1 a possibilidade de vereadores deixarem os cargos para assumir fun\u00e7\u00f5es na prefeitura. Quando isso acontece, o cargo \u00e9 assumido por um suplente.<\/p>\n<\/div>\n<div class=\"mc-column content-text active-extra-styles \" data-block-type=\"unstyled\" data-block-weight=\"87\" data-block-id=\"7\">\n<p class=\"content-text__container \" data-track-category=\"Link no Texto\" data-track-links=\"\">Os vereadores de Macarani v\u00e3o representar 18.909 habitantes. A cidade baiana tem um PIB de R$ 154.453.977,00 e um IDH (\u00cdndice de Desenvolvimento Humano) de 0,605, segundo a \u00faltima medi\u00e7\u00e3o do IBGE, que \u00e9 de 2010. O IDH vai de 0 a 1 \u2013 quanto maior, mais desenvolvida a cidade \u2013 e tem como base indicadores de sa\u00fade, educa\u00e7\u00e3o e renda. A m\u00e9dia no Brasil \u00e9 de 0,765, segundo dados de 2019 divulgados em 15 de dezembro de 2020 pelo Programa de Desenvolvimento das Na\u00e7\u00f5es Unidas (PNUD).<\/p>\n<\/div>\n<\/div>\n","protected":false},"excerpt":{"rendered":"<p>A nova prefeita de Macarani, Selma Souto (PSD), toma posse nesta sexta-feira (1\u00ba). Al\u00e9m dela, 11 vereadores assumem o cargo na C\u00e2mara Municipal para a legislatura 2021-2024. A prefeita Selma Rodrigues Souto tem 42 anos, \u00e9 solteira, declara ao TSE a ocupa\u00e7\u00e3o de professora de ensino fundamental e tem superior completo. Ela tem um patrim\u00f4nio [&hellip;]<\/p>\n","protected":false},"author":2,"featured_media":92368,"comment_status":"open","ping_status":"open","sticky":false,"template":"","format":"standard","meta":{"footnotes":"","_links_to":"","_links_to_target":""},"categories":[1],"tags":[],"class_list":["post-92360","post","type-post","status-publish","format-standard","has-post-thumbnail","hentry","category-geral"],"views":1115,"_links":{"self":[{"href":"https:\/\/www.sudoestehoje.com.br\/novoportal\/wp-json\/wp\/v2\/posts\/92360","targetHints":{"allow":["GET"]}}],"collection":[{"href":"https:\/\/www.sudoestehoje.com.br\/novoportal\/wp-json\/wp\/v2\/posts"}],"about":[{"href":"https:\/\/www.sudoestehoje.com.br\/novoportal\/wp-json\/wp\/v2\/types\/post"}],"author":[{"embeddable":true,"href":"https:\/\/www.sudoestehoje.com.br\/novoportal\/wp-json\/wp\/v2\/users\/2"}],"replies":[{"embeddable":true,"href":"https:\/\/www.sudoestehoje.com.br\/novoportal\/wp-json\/wp\/v2\/comments?post=92360"}],"version-history":[{"count":4,"href":"https:\/\/www.sudoestehoje.com.br\/novoportal\/wp-json\/wp\/v2\/posts\/92360\/revisions"}],"predecessor-version":[{"id":92370,"href":"https:\/\/www.sudoestehoje.com.br\/novoportal\/wp-json\/wp\/v2\/posts\/92360\/revisions\/92370"}],"wp:featuredmedia":[{"embeddable":true,"href":"https:\/\/www.sudoestehoje.com.br\/novoportal\/wp-json\/wp\/v2\/media\/92368"}],"wp:attachment":[{"href":"https:\/\/www.sudoestehoje.com.br\/novoportal\/wp-json\/wp\/v2\/media?parent=92360"}],"wp:term":[{"taxonomy":"category","embeddable":true,"href":"https:\/\/www.sudoestehoje.com.br\/novoportal\/wp-json\/wp\/v2\/categories?post=92360"},{"taxonomy":"post_tag","embeddable":true,"href":"https:\/\/www.sudoestehoje.com.br\/novoportal\/wp-json\/wp\/v2\/tags?post=92360"}],"curies":[{"name":"wp","href":"https:\/\/api.w.org\/{rel}","templated":true}]}}