
{"id":92351,"date":"2021-01-02T17:36:32","date_gmt":"2021-01-02T20:36:32","guid":{"rendered":"https:\/\/www.sudoestehoje.com.br\/novoportal\/?p=92351"},"modified":"2021-01-02T17:43:31","modified_gmt":"2021-01-02T20:43:31","slug":"caatiba-tania-ribeiro-e-humberto-antunes-tomam-posse-para-o-mandato-2021-2024","status":"publish","type":"post","link":"https:\/\/www.sudoestehoje.com.br\/novoportal\/2021\/01\/02\/caatiba-tania-ribeiro-e-humberto-antunes-tomam-posse-para-o-mandato-2021-2024\/","title":{"rendered":"CAATIBA: T\u00c2NIA RIBEIRO E HUMBERTO ANTUNES TOMAM POSSE PARA O MANDATO 2021-2024"},"content":{"rendered":"<p><a href=\"https:\/\/www.sudoestehoje.com.br\/novoportal\/wp-content\/uploads\/2021\/01\/POSSE-CAA-2.jpg\"><img loading=\"lazy\" decoding=\"async\" class=\"aligncenter size-medium wp-image-92354\" src=\"https:\/\/www.sudoestehoje.com.br\/novoportal\/wp-content\/uploads\/2021\/01\/POSSE-CAA-2-500x333.jpg\" alt=\"\" width=\"500\" height=\"333\" srcset=\"https:\/\/www.sudoestehoje.com.br\/novoportal\/wp-content\/uploads\/2021\/01\/POSSE-CAA-2-500x333.jpg 500w, https:\/\/www.sudoestehoje.com.br\/novoportal\/wp-content\/uploads\/2021\/01\/POSSE-CAA-2-700x467.jpg 700w, https:\/\/www.sudoestehoje.com.br\/novoportal\/wp-content\/uploads\/2021\/01\/POSSE-CAA-2-768x512.jpg 768w, https:\/\/www.sudoestehoje.com.br\/novoportal\/wp-content\/uploads\/2021\/01\/POSSE-CAA-2-1536x1024.jpg 1536w, https:\/\/www.sudoestehoje.com.br\/novoportal\/wp-content\/uploads\/2021\/01\/POSSE-CAA-2.jpg 1944w\" sizes=\"auto, (max-width: 500px) 100vw, 500px\" \/><\/a><\/p>\n<p>Na manh\u00e3 desta sexta-feira (01), aconteceu a cerim\u00f4nia de posse de T\u00e2nia Ribeiro e Humberto Antunes eleitos para o quadri\u00eanio (2021-2024), e dos vereadores que ir\u00e3o compor a nova Legislatura da C\u00e2mara Municipal de Caatiba.<\/p>\n<p><a href=\"https:\/\/www.sudoestehoje.com.br\/novoportal\/wp-content\/uploads\/2021\/01\/POSSE-CAA-1.jpg\"><img loading=\"lazy\" decoding=\"async\" class=\"aligncenter size-medium wp-image-92353\" src=\"https:\/\/www.sudoestehoje.com.br\/novoportal\/wp-content\/uploads\/2021\/01\/POSSE-CAA-1-500x333.jpg\" alt=\"\" width=\"500\" height=\"333\" srcset=\"https:\/\/www.sudoestehoje.com.br\/novoportal\/wp-content\/uploads\/2021\/01\/POSSE-CAA-1-500x333.jpg 500w, https:\/\/www.sudoestehoje.com.br\/novoportal\/wp-content\/uploads\/2021\/01\/POSSE-CAA-1-700x467.jpg 700w, https:\/\/www.sudoestehoje.com.br\/novoportal\/wp-content\/uploads\/2021\/01\/POSSE-CAA-1-768x512.jpg 768w, https:\/\/www.sudoestehoje.com.br\/novoportal\/wp-content\/uploads\/2021\/01\/POSSE-CAA-1-1536x1024.jpg 1536w, https:\/\/www.sudoestehoje.com.br\/novoportal\/wp-content\/uploads\/2021\/01\/POSSE-CAA-1.jpg 1944w\" sizes=\"auto, (max-width: 500px) 100vw, 500px\" \/><\/a><\/p>\n<p>O Ato de posse aconteceu no Audit\u00f3rio Municipal Professor Marinado de Sousa Domingos. Em raz\u00e3o da pandemia a cerim\u00f4nia foi realizada com limita\u00e7\u00e3o de p\u00fablico, sendo transmitida ao vivo pelas redes sociais atendendo todos os protocolos de seguran\u00e7a para Covid-19.<\/p>\n<p><a href=\"https:\/\/www.sudoestehoje.com.br\/novoportal\/wp-content\/uploads\/2021\/01\/POSSE-CAA-3.jpg\"><img loading=\"lazy\" decoding=\"async\" class=\"aligncenter size-medium wp-image-92355\" src=\"https:\/\/www.sudoestehoje.com.br\/novoportal\/wp-content\/uploads\/2021\/01\/POSSE-CAA-3-500x333.jpg\" alt=\"\" width=\"500\" height=\"333\" srcset=\"https:\/\/www.sudoestehoje.com.br\/novoportal\/wp-content\/uploads\/2021\/01\/POSSE-CAA-3-500x333.jpg 500w, https:\/\/www.sudoestehoje.com.br\/novoportal\/wp-content\/uploads\/2021\/01\/POSSE-CAA-3-700x467.jpg 700w, https:\/\/www.sudoestehoje.com.br\/novoportal\/wp-content\/uploads\/2021\/01\/POSSE-CAA-3-768x512.jpg 768w, https:\/\/www.sudoestehoje.com.br\/novoportal\/wp-content\/uploads\/2021\/01\/POSSE-CAA-3-1536x1024.jpg 1536w, https:\/\/www.sudoestehoje.com.br\/novoportal\/wp-content\/uploads\/2021\/01\/POSSE-CAA-3.jpg 1796w\" sizes=\"auto, (max-width: 500px) 100vw, 500px\" \/><\/a><\/p>\n<p>Como preceitua o regimento interno da C\u00e2mara Municipal de Caatiba, T\u00e2nia Ribeiro e Humberto Antunes foram empossados para os respectivos cargos de Prefeita e Vice-Prefeito do munic\u00edpio e ap\u00f3s todos os protocolos ambos j\u00e1 assumindo os cargos do Executivo municipal fizeram os discursos de posse.<\/p>\n<p><a href=\"https:\/\/www.sudoestehoje.com.br\/novoportal\/wp-content\/uploads\/2021\/01\/POSSE-CAA-4.jpg\"><img loading=\"lazy\" decoding=\"async\" class=\"aligncenter size-medium wp-image-92356\" src=\"https:\/\/www.sudoestehoje.com.br\/novoportal\/wp-content\/uploads\/2021\/01\/POSSE-CAA-4-500x333.jpg\" alt=\"\" width=\"500\" height=\"333\" srcset=\"https:\/\/www.sudoestehoje.com.br\/novoportal\/wp-content\/uploads\/2021\/01\/POSSE-CAA-4-500x333.jpg 500w, https:\/\/www.sudoestehoje.com.br\/novoportal\/wp-content\/uploads\/2021\/01\/POSSE-CAA-4-700x467.jpg 700w, https:\/\/www.sudoestehoje.com.br\/novoportal\/wp-content\/uploads\/2021\/01\/POSSE-CAA-4-768x512.jpg 768w, https:\/\/www.sudoestehoje.com.br\/novoportal\/wp-content\/uploads\/2021\/01\/POSSE-CAA-4-1536x1024.jpg 1536w, https:\/\/www.sudoestehoje.com.br\/novoportal\/wp-content\/uploads\/2021\/01\/POSSE-CAA-4.jpg 1944w\" sizes=\"auto, (max-width: 500px) 100vw, 500px\" \/><\/a><\/p>\n<p>A Prefeita T\u00e2nia Ribeiro que assume seu segundo mandato como Chefe do Executivo municipal do munic\u00edpio de Caatiba destacou em sua fala a honra em poder assumir novamente os rumos do munic\u00edpio de Caatiba e externa sua gratid\u00e3o pela confian\u00e7a recebida, sublinhando ainda seu compromisso com todos os Caatibenses. \u201c Quero destacar a minha inteira gratid\u00e3o a cada Caatibense que confiou a mim e ao meu vice-Prefeito Dr Humberto Antunes a miss\u00e3o para mais uma vez governar os destinos da nossa t\u00e3o amada e especial terra. S\u00f3 estamos verdadeiramente aqui por que Deus e o povo assim quis. \u201d, diz T\u00e2nia Ribeiro. <em>\/\/Ascom<\/em><\/p>\n","protected":false},"excerpt":{"rendered":"<p>Na manh\u00e3 desta sexta-feira (01), aconteceu a cerim\u00f4nia de posse de T\u00e2nia Ribeiro e Humberto Antunes eleitos para o quadri\u00eanio (2021-2024), e dos vereadores que ir\u00e3o compor a nova Legislatura da C\u00e2mara Municipal de Caatiba. O Ato de posse aconteceu no Audit\u00f3rio Municipal Professor Marinado de Sousa Domingos. Em raz\u00e3o da pandemia a cerim\u00f4nia foi [&hellip;]<\/p>\n","protected":false},"author":2,"featured_media":92354,"comment_status":"open","ping_status":"open","sticky":false,"template":"","format":"standard","meta":{"footnotes":"","_links_to":"","_links_to_target":""},"categories":[1],"tags":[],"class_list":["post-92351","post","type-post","status-publish","format-standard","has-post-thumbnail","hentry","category-geral"],"views":940,"_links":{"self":[{"href":"https:\/\/www.sudoestehoje.com.br\/novoportal\/wp-json\/wp\/v2\/posts\/92351","targetHints":{"allow":["GET"]}}],"collection":[{"href":"https:\/\/www.sudoestehoje.com.br\/novoportal\/wp-json\/wp\/v2\/posts"}],"about":[{"href":"https:\/\/www.sudoestehoje.com.br\/novoportal\/wp-json\/wp\/v2\/types\/post"}],"author":[{"embeddable":true,"href":"https:\/\/www.sudoestehoje.com.br\/novoportal\/wp-json\/wp\/v2\/users\/2"}],"replies":[{"embeddable":true,"href":"https:\/\/www.sudoestehoje.com.br\/novoportal\/wp-json\/wp\/v2\/comments?post=92351"}],"version-history":[{"count":3,"href":"https:\/\/www.sudoestehoje.com.br\/novoportal\/wp-json\/wp\/v2\/posts\/92351\/revisions"}],"predecessor-version":[{"id":92359,"href":"https:\/\/www.sudoestehoje.com.br\/novoportal\/wp-json\/wp\/v2\/posts\/92351\/revisions\/92359"}],"wp:featuredmedia":[{"embeddable":true,"href":"https:\/\/www.sudoestehoje.com.br\/novoportal\/wp-json\/wp\/v2\/media\/92354"}],"wp:attachment":[{"href":"https:\/\/www.sudoestehoje.com.br\/novoportal\/wp-json\/wp\/v2\/media?parent=92351"}],"wp:term":[{"taxonomy":"category","embeddable":true,"href":"https:\/\/www.sudoestehoje.com.br\/novoportal\/wp-json\/wp\/v2\/categories?post=92351"},{"taxonomy":"post_tag","embeddable":true,"href":"https:\/\/www.sudoestehoje.com.br\/novoportal\/wp-json\/wp\/v2\/tags?post=92351"}],"curies":[{"name":"wp","href":"https:\/\/api.w.org\/{rel}","templated":true}]}}