
{"id":92347,"date":"2021-01-02T17:06:51","date_gmt":"2021-01-02T20:06:51","guid":{"rendered":"https:\/\/www.sudoestehoje.com.br\/novoportal\/?p=92347"},"modified":"2021-01-02T17:06:51","modified_gmt":"2021-01-02T20:06:51","slug":"fiocruz-prepara-estrategia-para-comecar-vacinacao-contra-coronavirus-em-janeiro","status":"publish","type":"post","link":"https:\/\/www.sudoestehoje.com.br\/novoportal\/2021\/01\/02\/fiocruz-prepara-estrategia-para-comecar-vacinacao-contra-coronavirus-em-janeiro\/","title":{"rendered":"FIOCRUZ PREPARA ESTRAT\u00c9GIA PARA COME\u00c7AR VACINA\u00c7\u00c3O CONTRA CORONAV\u00cdRUS EM JANEIRO"},"content":{"rendered":"<p><a href=\"https:\/\/www.sudoestehoje.com.br\/novoportal\/wp-content\/uploads\/2021\/01\/AstraZeneca-Vacina.jpg\"><img loading=\"lazy\" decoding=\"async\" class=\"aligncenter size-medium wp-image-92349\" src=\"https:\/\/www.sudoestehoje.com.br\/novoportal\/wp-content\/uploads\/2021\/01\/AstraZeneca-Vacina-500x333.jpg\" alt=\"\" width=\"500\" height=\"333\" srcset=\"https:\/\/www.sudoestehoje.com.br\/novoportal\/wp-content\/uploads\/2021\/01\/AstraZeneca-Vacina-500x333.jpg 500w, https:\/\/www.sudoestehoje.com.br\/novoportal\/wp-content\/uploads\/2021\/01\/AstraZeneca-Vacina.jpg 680w\" sizes=\"auto, (max-width: 500px) 100vw, 500px\" \/><\/a><\/p>\n<p>A Funda\u00e7\u00e3o Oswaldo Cruz, a Fiocruz, prepara uma estrat\u00e9gia para antecipar a campanha de vacina\u00e7\u00e3o contra a Covid-19 para janeiro.<\/p>\n<p>De acordo com o Minist\u00e9rio da Sa\u00fade, a previs\u00e3o envolve o in\u00edcio da imuniza\u00e7\u00e3o contra a doen\u00e7a em fevereiro, com o produto desenvolvido pela Universidade de Oxford em parceria com a AstraZeneca.<\/p>\n<p>Segundo um pedido do presidente em exerc\u00edcio da funda\u00e7\u00e3o, Mario Santos Moreira, endere\u00e7ado ao presidente da Ag\u00eancia Nacional de Vigil\u00e2ncia Sanit\u00e1ria, a Anvisa, Antonio Barra Torres, a Fiocruz solicito a importa\u00e7\u00e3o de 2 milh\u00f5es de doses da vacina, produzida na \u00cdndia, para antecipar a vacina\u00e7\u00e3o.<\/p>\n<p>A estrat\u00e9gia envolve a importa\u00e7\u00e3o de ao menos 20 milh\u00f5es de doses do imunizante, que devem chegar ao pa\u00eds nas pr\u00f3ximas semanas.<\/p>\n","protected":false},"excerpt":{"rendered":"<p>A Funda\u00e7\u00e3o Oswaldo Cruz, a Fiocruz, prepara uma estrat\u00e9gia para antecipar a campanha de vacina\u00e7\u00e3o contra a Covid-19 para janeiro. De acordo com o Minist\u00e9rio da Sa\u00fade, a previs\u00e3o envolve o in\u00edcio da imuniza\u00e7\u00e3o contra a doen\u00e7a em fevereiro, com o produto desenvolvido pela Universidade de Oxford em parceria com a AstraZeneca. Segundo um pedido [&hellip;]<\/p>\n","protected":false},"author":2,"featured_media":92349,"comment_status":"open","ping_status":"open","sticky":false,"template":"","format":"standard","meta":{"footnotes":"","_links_to":"","_links_to_target":""},"categories":[1],"tags":[],"class_list":["post-92347","post","type-post","status-publish","format-standard","has-post-thumbnail","hentry","category-geral"],"views":906,"_links":{"self":[{"href":"https:\/\/www.sudoestehoje.com.br\/novoportal\/wp-json\/wp\/v2\/posts\/92347","targetHints":{"allow":["GET"]}}],"collection":[{"href":"https:\/\/www.sudoestehoje.com.br\/novoportal\/wp-json\/wp\/v2\/posts"}],"about":[{"href":"https:\/\/www.sudoestehoje.com.br\/novoportal\/wp-json\/wp\/v2\/types\/post"}],"author":[{"embeddable":true,"href":"https:\/\/www.sudoestehoje.com.br\/novoportal\/wp-json\/wp\/v2\/users\/2"}],"replies":[{"embeddable":true,"href":"https:\/\/www.sudoestehoje.com.br\/novoportal\/wp-json\/wp\/v2\/comments?post=92347"}],"version-history":[{"count":2,"href":"https:\/\/www.sudoestehoje.com.br\/novoportal\/wp-json\/wp\/v2\/posts\/92347\/revisions"}],"predecessor-version":[{"id":92350,"href":"https:\/\/www.sudoestehoje.com.br\/novoportal\/wp-json\/wp\/v2\/posts\/92347\/revisions\/92350"}],"wp:featuredmedia":[{"embeddable":true,"href":"https:\/\/www.sudoestehoje.com.br\/novoportal\/wp-json\/wp\/v2\/media\/92349"}],"wp:attachment":[{"href":"https:\/\/www.sudoestehoje.com.br\/novoportal\/wp-json\/wp\/v2\/media?parent=92347"}],"wp:term":[{"taxonomy":"category","embeddable":true,"href":"https:\/\/www.sudoestehoje.com.br\/novoportal\/wp-json\/wp\/v2\/categories?post=92347"},{"taxonomy":"post_tag","embeddable":true,"href":"https:\/\/www.sudoestehoje.com.br\/novoportal\/wp-json\/wp\/v2\/tags?post=92347"}],"curies":[{"name":"wp","href":"https:\/\/api.w.org\/{rel}","templated":true}]}}