
{"id":92306,"date":"2020-12-31T16:46:32","date_gmt":"2020-12-31T19:46:32","guid":{"rendered":"https:\/\/www.sudoestehoje.com.br\/novoportal\/?p=92306"},"modified":"2020-12-31T16:46:32","modified_gmt":"2020-12-31T19:46:32","slug":"itapetinga-rodrigo-hagge-e-renan-tomam-posse-nesta-sexta-para-segundo-mandato","status":"publish","type":"post","link":"https:\/\/www.sudoestehoje.com.br\/novoportal\/2020\/12\/31\/itapetinga-rodrigo-hagge-e-renan-tomam-posse-nesta-sexta-para-segundo-mandato\/","title":{"rendered":"ITAPETINGA: RODRIGO HAGGE E RENAN TOMAM POSSE NESTA SEXTA PARA SEGUNDO MANDATO"},"content":{"rendered":"<p><a href=\"https:\/\/www.sudoestehoje.com.br\/novoportal\/wp-content\/uploads\/2020\/12\/rodrigo-posse.jpg\"><img loading=\"lazy\" decoding=\"async\" class=\"aligncenter size-medium wp-image-92309\" src=\"https:\/\/www.sudoestehoje.com.br\/novoportal\/wp-content\/uploads\/2020\/12\/rodrigo-posse-500x281.jpg\" alt=\"\" width=\"500\" height=\"281\" srcset=\"https:\/\/www.sudoestehoje.com.br\/novoportal\/wp-content\/uploads\/2020\/12\/rodrigo-posse-500x281.jpg 500w, https:\/\/www.sudoestehoje.com.br\/novoportal\/wp-content\/uploads\/2020\/12\/rodrigo-posse-700x394.jpg 700w, https:\/\/www.sudoestehoje.com.br\/novoportal\/wp-content\/uploads\/2020\/12\/rodrigo-posse-768x432.jpg 768w, https:\/\/www.sudoestehoje.com.br\/novoportal\/wp-content\/uploads\/2020\/12\/rodrigo-posse.jpg 1271w\" sizes=\"auto, (max-width: 500px) 100vw, 500px\" \/><\/a><\/p>\n<p>Reeleito com mais de 70% dos votos v\u00e1lidos, em 15 de novembro \u00faltimo, o jovem advogado Rodrigo Hagge (MDB) tomar\u00e1 posse nesta sexta-feira, 1\u00ba de janeiro, juntamente com seu vice Renan Pereira (DEM), para mais um mandato como prefeito de Itapetinga, munic\u00edpio do M\u00e9dio Sudoeste da Bahia.<\/p>\n<p>A cerim\u00f4nia acontecer\u00e1 a partir das 9h da manh\u00e3, no Plen\u00e1rio Ulisses Guimar\u00e3es, da C\u00e2mara Municipal de Itapetinga, quando tamb\u00e9m ser\u00e3o empossados os vereadores eleitos e os reeleitos, em cerim\u00f4nia restrita, em decorr\u00eancia da pandemia de Coronav\u00edrus.<\/p>\n<p>Durante a solenidade de posse, tamb\u00e9m acontecer\u00e1 a elei\u00e7\u00e3o da nova Mesa Diretora da C\u00e2mara de Vereadores, com a escolha do novo presidente, vice, primeiro e segundo secret\u00e1rios, que assumir\u00e3o os trabalhos e dar\u00e3o posse ao prefeito a vice.<\/p>\n<p>Os novos mandatos para mais quatro anos ter\u00e3o in\u00edcio imediato em encerram em 31 de dezembro de 2024.<\/p>\n<p><strong><em>Por Davi Ferraz\u00a0<\/em><\/strong><\/p>\n","protected":false},"excerpt":{"rendered":"<p>Reeleito com mais de 70% dos votos v\u00e1lidos, em 15 de novembro \u00faltimo, o jovem advogado Rodrigo Hagge (MDB) tomar\u00e1 posse nesta sexta-feira, 1\u00ba de janeiro, juntamente com seu vice Renan Pereira (DEM), para mais um mandato como prefeito de Itapetinga, munic\u00edpio do M\u00e9dio Sudoeste da Bahia. A cerim\u00f4nia acontecer\u00e1 a partir das 9h da [&hellip;]<\/p>\n","protected":false},"author":2,"featured_media":92309,"comment_status":"open","ping_status":"open","sticky":false,"template":"","format":"standard","meta":{"footnotes":"","_links_to":"","_links_to_target":""},"categories":[1],"tags":[],"class_list":["post-92306","post","type-post","status-publish","format-standard","has-post-thumbnail","hentry","category-geral"],"views":936,"_links":{"self":[{"href":"https:\/\/www.sudoestehoje.com.br\/novoportal\/wp-json\/wp\/v2\/posts\/92306","targetHints":{"allow":["GET"]}}],"collection":[{"href":"https:\/\/www.sudoestehoje.com.br\/novoportal\/wp-json\/wp\/v2\/posts"}],"about":[{"href":"https:\/\/www.sudoestehoje.com.br\/novoportal\/wp-json\/wp\/v2\/types\/post"}],"author":[{"embeddable":true,"href":"https:\/\/www.sudoestehoje.com.br\/novoportal\/wp-json\/wp\/v2\/users\/2"}],"replies":[{"embeddable":true,"href":"https:\/\/www.sudoestehoje.com.br\/novoportal\/wp-json\/wp\/v2\/comments?post=92306"}],"version-history":[{"count":4,"href":"https:\/\/www.sudoestehoje.com.br\/novoportal\/wp-json\/wp\/v2\/posts\/92306\/revisions"}],"predecessor-version":[{"id":92311,"href":"https:\/\/www.sudoestehoje.com.br\/novoportal\/wp-json\/wp\/v2\/posts\/92306\/revisions\/92311"}],"wp:featuredmedia":[{"embeddable":true,"href":"https:\/\/www.sudoestehoje.com.br\/novoportal\/wp-json\/wp\/v2\/media\/92309"}],"wp:attachment":[{"href":"https:\/\/www.sudoestehoje.com.br\/novoportal\/wp-json\/wp\/v2\/media?parent=92306"}],"wp:term":[{"taxonomy":"category","embeddable":true,"href":"https:\/\/www.sudoestehoje.com.br\/novoportal\/wp-json\/wp\/v2\/categories?post=92306"},{"taxonomy":"post_tag","embeddable":true,"href":"https:\/\/www.sudoestehoje.com.br\/novoportal\/wp-json\/wp\/v2\/tags?post=92306"}],"curies":[{"name":"wp","href":"https:\/\/api.w.org\/{rel}","templated":true}]}}