
{"id":92299,"date":"2020-12-30T21:23:22","date_gmt":"2020-12-31T00:23:22","guid":{"rendered":"https:\/\/www.sudoestehoje.com.br\/novoportal\/?p=92299"},"modified":"2020-12-30T21:23:22","modified_gmt":"2020-12-31T00:23:22","slug":"dom-zanoni-testa-positivo-para-coronavirus-em-vitoria-da-conquista","status":"publish","type":"post","link":"https:\/\/www.sudoestehoje.com.br\/novoportal\/2020\/12\/30\/dom-zanoni-testa-positivo-para-coronavirus-em-vitoria-da-conquista\/","title":{"rendered":"DOM ZANONI TESTA POSITIVO PARA CORONAV\u00cdRUS EM VIT\u00d3RIA DA CONQUISTA"},"content":{"rendered":"<p><a href=\"https:\/\/www.sudoestehoje.com.br\/novoportal\/wp-content\/uploads\/2020\/12\/zanoni.jpeg\"><img loading=\"lazy\" decoding=\"async\" class=\"aligncenter  wp-image-92300\" src=\"https:\/\/www.sudoestehoje.com.br\/novoportal\/wp-content\/uploads\/2020\/12\/zanoni.jpeg\" alt=\"\" width=\"500\" height=\"558\" \/><\/a><\/p>\n<p>O Arcebispo Metropolitano de Feira de Santana, Dom Zanoni Dementtino Castro, testou positivo para o Coronav\u00edrus em Vit\u00f3ria da Conquista, onde passava as festas de final de ano com a fam\u00edlia.<\/p>\n<p>A informa\u00e7\u00e3o foi divulgada pela Arquidiocese de Feira de Santana nesta quarta-feira (30), por meio de uma nota.<\/p>\n<p>Conforme as informa\u00e7\u00f5es, o Arcebispo est\u00e1 sem sintomas e se encontra a caminho de Feira de Santana, onde cumprir\u00e1 a quarentena em sua casa.<\/p>\n<p>Dom Zanoni atuou como padre, nos anos 80\/90, na Par\u00f3quia de S\u00e3o Jos\u00e9, em Itapetinga, com relevantes servi\u00e7os prestados \u00e0 comunidade cat\u00f3lica no munic\u00edpio. \/\/<em>Informa\u00e7\u00f5es Blog do Sena<\/em><\/p>\n","protected":false},"excerpt":{"rendered":"<p>O Arcebispo Metropolitano de Feira de Santana, Dom Zanoni Dementtino Castro, testou positivo para o Coronav\u00edrus em Vit\u00f3ria da Conquista, onde passava as festas de final de ano com a fam\u00edlia. A informa\u00e7\u00e3o foi divulgada pela Arquidiocese de Feira de Santana nesta quarta-feira (30), por meio de uma nota. Conforme as informa\u00e7\u00f5es, o Arcebispo est\u00e1 [&hellip;]<\/p>\n","protected":false},"author":2,"featured_media":92300,"comment_status":"open","ping_status":"open","sticky":false,"template":"","format":"standard","meta":{"footnotes":"","_links_to":"","_links_to_target":""},"categories":[1],"tags":[],"class_list":["post-92299","post","type-post","status-publish","format-standard","has-post-thumbnail","hentry","category-geral"],"views":1185,"_links":{"self":[{"href":"https:\/\/www.sudoestehoje.com.br\/novoportal\/wp-json\/wp\/v2\/posts\/92299","targetHints":{"allow":["GET"]}}],"collection":[{"href":"https:\/\/www.sudoestehoje.com.br\/novoportal\/wp-json\/wp\/v2\/posts"}],"about":[{"href":"https:\/\/www.sudoestehoje.com.br\/novoportal\/wp-json\/wp\/v2\/types\/post"}],"author":[{"embeddable":true,"href":"https:\/\/www.sudoestehoje.com.br\/novoportal\/wp-json\/wp\/v2\/users\/2"}],"replies":[{"embeddable":true,"href":"https:\/\/www.sudoestehoje.com.br\/novoportal\/wp-json\/wp\/v2\/comments?post=92299"}],"version-history":[{"count":1,"href":"https:\/\/www.sudoestehoje.com.br\/novoportal\/wp-json\/wp\/v2\/posts\/92299\/revisions"}],"predecessor-version":[{"id":92301,"href":"https:\/\/www.sudoestehoje.com.br\/novoportal\/wp-json\/wp\/v2\/posts\/92299\/revisions\/92301"}],"wp:featuredmedia":[{"embeddable":true,"href":"https:\/\/www.sudoestehoje.com.br\/novoportal\/wp-json\/wp\/v2\/media\/92300"}],"wp:attachment":[{"href":"https:\/\/www.sudoestehoje.com.br\/novoportal\/wp-json\/wp\/v2\/media?parent=92299"}],"wp:term":[{"taxonomy":"category","embeddable":true,"href":"https:\/\/www.sudoestehoje.com.br\/novoportal\/wp-json\/wp\/v2\/categories?post=92299"},{"taxonomy":"post_tag","embeddable":true,"href":"https:\/\/www.sudoestehoje.com.br\/novoportal\/wp-json\/wp\/v2\/tags?post=92299"}],"curies":[{"name":"wp","href":"https:\/\/api.w.org\/{rel}","templated":true}]}}