
{"id":92294,"date":"2020-12-30T20:13:26","date_gmt":"2020-12-30T23:13:26","guid":{"rendered":"https:\/\/www.sudoestehoje.com.br\/novoportal\/?p=92294"},"modified":"2020-12-30T20:13:26","modified_gmt":"2020-12-30T23:13:26","slug":"bolsonaro-anuncia-salario-minimo-de-r-1-100-para-2021-com-aumento-real","status":"publish","type":"post","link":"https:\/\/www.sudoestehoje.com.br\/novoportal\/2020\/12\/30\/bolsonaro-anuncia-salario-minimo-de-r-1-100-para-2021-com-aumento-real\/","title":{"rendered":"BOLSONARO ANUNCIA SAL\u00c1RIO M\u00cdNIMO DE R$ 1.100 PARA 2021 COM AUMENTO REAL"},"content":{"rendered":"<p><a href=\"https:\/\/www.sudoestehoje.com.br\/novoportal\/wp-content\/uploads\/2020\/12\/salario-minimo-1024x679-1.jpg\"><img loading=\"lazy\" decoding=\"async\" class=\"aligncenter size-medium wp-image-92297\" src=\"https:\/\/www.sudoestehoje.com.br\/novoportal\/wp-content\/uploads\/2020\/12\/salario-minimo-1024x679-1-500x332.jpg\" alt=\"\" width=\"500\" height=\"332\" srcset=\"https:\/\/www.sudoestehoje.com.br\/novoportal\/wp-content\/uploads\/2020\/12\/salario-minimo-1024x679-1-500x332.jpg 500w, https:\/\/www.sudoestehoje.com.br\/novoportal\/wp-content\/uploads\/2020\/12\/salario-minimo-1024x679-1-700x464.jpg 700w, https:\/\/www.sudoestehoje.com.br\/novoportal\/wp-content\/uploads\/2020\/12\/salario-minimo-1024x679-1-768x509.jpg 768w, https:\/\/www.sudoestehoje.com.br\/novoportal\/wp-content\/uploads\/2020\/12\/salario-minimo-1024x679-1.jpg 1024w\" sizes=\"auto, (max-width: 500px) 100vw, 500px\" \/><\/a><\/p>\n<p>O presidente Jair Bolsonaro (sem partido) anunciou nesta quarta-feira (30) o aumento do sal\u00e1rio m\u00ednimo para R$ 1.100. A informa\u00e7\u00e3o foi divulgadas nem suas redes sociais.<\/p>\n<p>O chefe de Estado afirmou que vai assinar uma Medida Provis\u00f3ria (MP) ainda nesta quinta para fomentar o aumento. A mudan\u00e7a passa a valer a partir da sexta-feira (1\u00ba).<\/p>\n<p>Com a o incremento, o valor do sal\u00e1rio ter\u00e1 um reajuste de 5,26%, uma vez que, atualmente, custa R$ 1.045.<\/p>\n","protected":false},"excerpt":{"rendered":"<p>O presidente Jair Bolsonaro (sem partido) anunciou nesta quarta-feira (30) o aumento do sal\u00e1rio m\u00ednimo para R$ 1.100. A informa\u00e7\u00e3o foi divulgadas nem suas redes sociais. O chefe de Estado afirmou que vai assinar uma Medida Provis\u00f3ria (MP) ainda nesta quinta para fomentar o aumento. A mudan\u00e7a passa a valer a partir da sexta-feira (1\u00ba). [&hellip;]<\/p>\n","protected":false},"author":2,"featured_media":92297,"comment_status":"open","ping_status":"open","sticky":false,"template":"","format":"standard","meta":{"footnotes":"","_links_to":"","_links_to_target":""},"categories":[1],"tags":[],"class_list":["post-92294","post","type-post","status-publish","format-standard","has-post-thumbnail","hentry","category-geral"],"views":1016,"_links":{"self":[{"href":"https:\/\/www.sudoestehoje.com.br\/novoportal\/wp-json\/wp\/v2\/posts\/92294","targetHints":{"allow":["GET"]}}],"collection":[{"href":"https:\/\/www.sudoestehoje.com.br\/novoportal\/wp-json\/wp\/v2\/posts"}],"about":[{"href":"https:\/\/www.sudoestehoje.com.br\/novoportal\/wp-json\/wp\/v2\/types\/post"}],"author":[{"embeddable":true,"href":"https:\/\/www.sudoestehoje.com.br\/novoportal\/wp-json\/wp\/v2\/users\/2"}],"replies":[{"embeddable":true,"href":"https:\/\/www.sudoestehoje.com.br\/novoportal\/wp-json\/wp\/v2\/comments?post=92294"}],"version-history":[{"count":3,"href":"https:\/\/www.sudoestehoje.com.br\/novoportal\/wp-json\/wp\/v2\/posts\/92294\/revisions"}],"predecessor-version":[{"id":92298,"href":"https:\/\/www.sudoestehoje.com.br\/novoportal\/wp-json\/wp\/v2\/posts\/92294\/revisions\/92298"}],"wp:featuredmedia":[{"embeddable":true,"href":"https:\/\/www.sudoestehoje.com.br\/novoportal\/wp-json\/wp\/v2\/media\/92297"}],"wp:attachment":[{"href":"https:\/\/www.sudoestehoje.com.br\/novoportal\/wp-json\/wp\/v2\/media?parent=92294"}],"wp:term":[{"taxonomy":"category","embeddable":true,"href":"https:\/\/www.sudoestehoje.com.br\/novoportal\/wp-json\/wp\/v2\/categories?post=92294"},{"taxonomy":"post_tag","embeddable":true,"href":"https:\/\/www.sudoestehoje.com.br\/novoportal\/wp-json\/wp\/v2\/tags?post=92294"}],"curies":[{"name":"wp","href":"https:\/\/api.w.org\/{rel}","templated":true}]}}