
{"id":92279,"date":"2020-12-29T19:06:21","date_gmt":"2020-12-29T22:06:21","guid":{"rendered":"https:\/\/www.sudoestehoje.com.br\/novoportal\/?p=92279"},"modified":"2020-12-29T19:06:21","modified_gmt":"2020-12-29T22:06:21","slug":"decisao-do-tj-derruba-liminar-que-permitia-festas-de-ano-novo-em-porto-seguro","status":"publish","type":"post","link":"https:\/\/www.sudoestehoje.com.br\/novoportal\/2020\/12\/29\/decisao-do-tj-derruba-liminar-que-permitia-festas-de-ano-novo-em-porto-seguro\/","title":{"rendered":"DECIS\u00c3O DO TJ DERRUBA LIMINAR QUE PERMITIA FESTAS DE ANO NOVO EM PORTO SEGURO"},"content":{"rendered":"<p><a href=\"https:\/\/www.sudoestehoje.com.br\/novoportal\/wp-content\/uploads\/2020\/12\/reveillon-porto-seguro-2019.jpg\"><img loading=\"lazy\" decoding=\"async\" class=\"aligncenter size-medium wp-image-92281\" src=\"https:\/\/www.sudoestehoje.com.br\/novoportal\/wp-content\/uploads\/2020\/12\/reveillon-porto-seguro-2019-500x313.jpg\" alt=\"\" width=\"500\" height=\"313\" srcset=\"https:\/\/www.sudoestehoje.com.br\/novoportal\/wp-content\/uploads\/2020\/12\/reveillon-porto-seguro-2019-500x313.jpg 500w, https:\/\/www.sudoestehoje.com.br\/novoportal\/wp-content\/uploads\/2020\/12\/reveillon-porto-seguro-2019-700x438.jpg 700w, https:\/\/www.sudoestehoje.com.br\/novoportal\/wp-content\/uploads\/2020\/12\/reveillon-porto-seguro-2019-768x481.jpg 768w, https:\/\/www.sudoestehoje.com.br\/novoportal\/wp-content\/uploads\/2020\/12\/reveillon-porto-seguro-2019-1536x962.jpg 1536w, https:\/\/www.sudoestehoje.com.br\/novoportal\/wp-content\/uploads\/2020\/12\/reveillon-porto-seguro-2019.jpg 1600w\" sizes=\"auto, (max-width: 500px) 100vw, 500px\" \/><\/a><\/p>\n<p>A desembargadora Cinthya Maria Pina Resende, do Tribunal de Justi\u00e7a do Estado da Bahia (TJ-BA), suspendeu nesta ter\u00e7a-feira (28) a efic\u00e1cia da decis\u00e3o expedida na \u00faltima segunda-feira (28) pelo juiz Rog\u00e9rio Barbosa, da comarca de Porto Seguro, que autorizava a realiza\u00e7\u00e3o de festas de R\u00e9veillon na cidade com at\u00e9 200 pessoas.<\/p>\n<p>A decis\u00e3o de Resende se deu ap\u00f3s um pedido formalizado pela Procuradoria-Geral do Estado (PGE).<\/p>\n<p>A derrubada da decis\u00e3o acontece cerca de 24h ap\u00f3s o juiz Rog\u00e9rio Barbosa suspender a efic\u00e1cia de uma liminar conseguida pelo governo da Bahia. A senten\u00e7a do magistrado atendeu a um pedido de quatro estabelecimentos da cidade. A realiza\u00e7\u00e3o dos eventos que esta decis\u00e3o permitiria fere a determina\u00e7\u00e3o do governador Rui Costa (PT), que veda a realiza\u00e7\u00e3o de eventos deste porte durante a pandemia do novo coronav\u00edrus.<\/p>\n","protected":false},"excerpt":{"rendered":"<p>A desembargadora Cinthya Maria Pina Resende, do Tribunal de Justi\u00e7a do Estado da Bahia (TJ-BA), suspendeu nesta ter\u00e7a-feira (28) a efic\u00e1cia da decis\u00e3o expedida na \u00faltima segunda-feira (28) pelo juiz Rog\u00e9rio Barbosa, da comarca de Porto Seguro, que autorizava a realiza\u00e7\u00e3o de festas de R\u00e9veillon na cidade com at\u00e9 200 pessoas. A decis\u00e3o de Resende [&hellip;]<\/p>\n","protected":false},"author":2,"featured_media":92281,"comment_status":"open","ping_status":"open","sticky":false,"template":"","format":"standard","meta":{"footnotes":"","_links_to":"","_links_to_target":""},"categories":[1],"tags":[],"class_list":["post-92279","post","type-post","status-publish","format-standard","has-post-thumbnail","hentry","category-geral"],"views":958,"_links":{"self":[{"href":"https:\/\/www.sudoestehoje.com.br\/novoportal\/wp-json\/wp\/v2\/posts\/92279","targetHints":{"allow":["GET"]}}],"collection":[{"href":"https:\/\/www.sudoestehoje.com.br\/novoportal\/wp-json\/wp\/v2\/posts"}],"about":[{"href":"https:\/\/www.sudoestehoje.com.br\/novoportal\/wp-json\/wp\/v2\/types\/post"}],"author":[{"embeddable":true,"href":"https:\/\/www.sudoestehoje.com.br\/novoportal\/wp-json\/wp\/v2\/users\/2"}],"replies":[{"embeddable":true,"href":"https:\/\/www.sudoestehoje.com.br\/novoportal\/wp-json\/wp\/v2\/comments?post=92279"}],"version-history":[{"count":2,"href":"https:\/\/www.sudoestehoje.com.br\/novoportal\/wp-json\/wp\/v2\/posts\/92279\/revisions"}],"predecessor-version":[{"id":92282,"href":"https:\/\/www.sudoestehoje.com.br\/novoportal\/wp-json\/wp\/v2\/posts\/92279\/revisions\/92282"}],"wp:featuredmedia":[{"embeddable":true,"href":"https:\/\/www.sudoestehoje.com.br\/novoportal\/wp-json\/wp\/v2\/media\/92281"}],"wp:attachment":[{"href":"https:\/\/www.sudoestehoje.com.br\/novoportal\/wp-json\/wp\/v2\/media?parent=92279"}],"wp:term":[{"taxonomy":"category","embeddable":true,"href":"https:\/\/www.sudoestehoje.com.br\/novoportal\/wp-json\/wp\/v2\/categories?post=92279"},{"taxonomy":"post_tag","embeddable":true,"href":"https:\/\/www.sudoestehoje.com.br\/novoportal\/wp-json\/wp\/v2\/tags?post=92279"}],"curies":[{"name":"wp","href":"https:\/\/api.w.org\/{rel}","templated":true}]}}