
{"id":92274,"date":"2020-12-29T18:01:57","date_gmt":"2020-12-29T21:01:57","guid":{"rendered":"https:\/\/www.sudoestehoje.com.br\/novoportal\/?p=92274"},"modified":"2020-12-29T18:01:57","modified_gmt":"2020-12-29T21:01:57","slug":"fiocruz-quer-pedir-registro-da-vacina-de-oxford-contra-covid-19-ate-15-de-janeiro","status":"publish","type":"post","link":"https:\/\/www.sudoestehoje.com.br\/novoportal\/2020\/12\/29\/fiocruz-quer-pedir-registro-da-vacina-de-oxford-contra-covid-19-ate-15-de-janeiro\/","title":{"rendered":"FIOCRUZ QUER PEDIR REGISTRO DA VACINA DE OXFORD CONTRA COVID-19 AT\u00c9 15 DE JANEIRO"},"content":{"rendered":"<p><a href=\"https:\/\/www.sudoestehoje.com.br\/novoportal\/wp-content\/uploads\/2020\/12\/VACINA-OXFORD.jpg\"><img loading=\"lazy\" decoding=\"async\" class=\"aligncenter size-medium wp-image-92277\" src=\"https:\/\/www.sudoestehoje.com.br\/novoportal\/wp-content\/uploads\/2020\/12\/VACINA-OXFORD-500x300.jpg\" alt=\"\" width=\"500\" height=\"300\" srcset=\"https:\/\/www.sudoestehoje.com.br\/novoportal\/wp-content\/uploads\/2020\/12\/VACINA-OXFORD-500x300.jpg 500w, https:\/\/www.sudoestehoje.com.br\/novoportal\/wp-content\/uploads\/2020\/12\/VACINA-OXFORD-700x420.jpg 700w, https:\/\/www.sudoestehoje.com.br\/novoportal\/wp-content\/uploads\/2020\/12\/VACINA-OXFORD-768x461.jpg 768w, https:\/\/www.sudoestehoje.com.br\/novoportal\/wp-content\/uploads\/2020\/12\/VACINA-OXFORD.jpg 1086w\" sizes=\"auto, (max-width: 500px) 100vw, 500px\" \/><\/a><\/p>\n<p>\u00c0 frente de um acordo que prev\u00ea a produ\u00e7\u00e3o de uma vacina contra Covid-19 no Brasil, a Fiocruz planeja entrar com um pedido de registro do imunizante at\u00e9 o dia 15 de janeiro, disse \u00e0 reportagem nesta segunda-feira (28) o vice-presidente de inova\u00e7\u00f5es da institui\u00e7\u00e3o, Marco Krieger.<\/p>\n<p>Desde junho, a Fiocruz trabalha em uma parceria para transfer\u00eancia de tecnologia com a farmac\u00eautica AstraZeneca e a Universidade de Oxford, que desenvolvem a vacina.<\/p>\n<p>O acordo \u00e9 considerado a principal aposta do Minist\u00e9rio da Sa\u00fade para a vacina\u00e7\u00e3o contra a Covid.<\/p>\n","protected":false},"excerpt":{"rendered":"<p>\u00c0 frente de um acordo que prev\u00ea a produ\u00e7\u00e3o de uma vacina contra Covid-19 no Brasil, a Fiocruz planeja entrar com um pedido de registro do imunizante at\u00e9 o dia 15 de janeiro, disse \u00e0 reportagem nesta segunda-feira (28) o vice-presidente de inova\u00e7\u00f5es da institui\u00e7\u00e3o, Marco Krieger. Desde junho, a Fiocruz trabalha em uma parceria [&hellip;]<\/p>\n","protected":false},"author":2,"featured_media":92277,"comment_status":"open","ping_status":"open","sticky":false,"template":"","format":"standard","meta":{"footnotes":"","_links_to":"","_links_to_target":""},"categories":[1],"tags":[],"class_list":["post-92274","post","type-post","status-publish","format-standard","has-post-thumbnail","hentry","category-geral"],"views":933,"_links":{"self":[{"href":"https:\/\/www.sudoestehoje.com.br\/novoportal\/wp-json\/wp\/v2\/posts\/92274","targetHints":{"allow":["GET"]}}],"collection":[{"href":"https:\/\/www.sudoestehoje.com.br\/novoportal\/wp-json\/wp\/v2\/posts"}],"about":[{"href":"https:\/\/www.sudoestehoje.com.br\/novoportal\/wp-json\/wp\/v2\/types\/post"}],"author":[{"embeddable":true,"href":"https:\/\/www.sudoestehoje.com.br\/novoportal\/wp-json\/wp\/v2\/users\/2"}],"replies":[{"embeddable":true,"href":"https:\/\/www.sudoestehoje.com.br\/novoportal\/wp-json\/wp\/v2\/comments?post=92274"}],"version-history":[{"count":3,"href":"https:\/\/www.sudoestehoje.com.br\/novoportal\/wp-json\/wp\/v2\/posts\/92274\/revisions"}],"predecessor-version":[{"id":92278,"href":"https:\/\/www.sudoestehoje.com.br\/novoportal\/wp-json\/wp\/v2\/posts\/92274\/revisions\/92278"}],"wp:featuredmedia":[{"embeddable":true,"href":"https:\/\/www.sudoestehoje.com.br\/novoportal\/wp-json\/wp\/v2\/media\/92277"}],"wp:attachment":[{"href":"https:\/\/www.sudoestehoje.com.br\/novoportal\/wp-json\/wp\/v2\/media?parent=92274"}],"wp:term":[{"taxonomy":"category","embeddable":true,"href":"https:\/\/www.sudoestehoje.com.br\/novoportal\/wp-json\/wp\/v2\/categories?post=92274"},{"taxonomy":"post_tag","embeddable":true,"href":"https:\/\/www.sudoestehoje.com.br\/novoportal\/wp-json\/wp\/v2\/tags?post=92274"}],"curies":[{"name":"wp","href":"https:\/\/api.w.org\/{rel}","templated":true}]}}