
{"id":92270,"date":"2020-12-29T17:47:47","date_gmt":"2020-12-29T20:47:47","guid":{"rendered":"https:\/\/www.sudoestehoje.com.br\/novoportal\/?p=92270"},"modified":"2020-12-29T17:47:47","modified_gmt":"2020-12-29T20:47:47","slug":"auxilio-emergencial-chega-ao-fim-sem-perspectiva-de-novos-pagamentos-em-2021","status":"publish","type":"post","link":"https:\/\/www.sudoestehoje.com.br\/novoportal\/2020\/12\/29\/auxilio-emergencial-chega-ao-fim-sem-perspectiva-de-novos-pagamentos-em-2021\/","title":{"rendered":"AUX\u00cdLIO EMERGENCIAL CHEGA AO FIM SEM PERSPECTIVA DE NOVOS PAGAMENTOS EM 2021"},"content":{"rendered":"<div class=\"mc-column content-text active-extra-styles \" data-block-type=\"unstyled\" data-block-weight=\"51\" data-block-id=\"2\">\n<p data-track-category=\"Link no Texto\" data-track-links=\"\"><a href=\"https:\/\/www.sudoestehoje.com.br\/novoportal\/wp-content\/uploads\/2020\/12\/AUXILIO-FIM.jpg\"><img loading=\"lazy\" decoding=\"async\" class=\"aligncenter size-medium wp-image-92272\" src=\"https:\/\/www.sudoestehoje.com.br\/novoportal\/wp-content\/uploads\/2020\/12\/AUXILIO-FIM-500x333.jpg\" alt=\"\" width=\"500\" height=\"333\" srcset=\"https:\/\/www.sudoestehoje.com.br\/novoportal\/wp-content\/uploads\/2020\/12\/AUXILIO-FIM-500x333.jpg 500w, https:\/\/www.sudoestehoje.com.br\/novoportal\/wp-content\/uploads\/2020\/12\/AUXILIO-FIM-700x467.jpg 700w, https:\/\/www.sudoestehoje.com.br\/novoportal\/wp-content\/uploads\/2020\/12\/AUXILIO-FIM-768x512.jpg 768w, https:\/\/www.sudoestehoje.com.br\/novoportal\/wp-content\/uploads\/2020\/12\/AUXILIO-FIM.jpg 984w\" sizes=\"auto, (max-width: 500px) 100vw, 500px\" \/><\/a><\/p>\n<p class=\"content-text__container \" data-track-category=\"Link no Texto\" data-track-links=\"\">A\u00a0Caixa Econ\u00f4mica Federal(CEF) paga nesta ter\u00e7a-feira (29) a \u00faltima parcela do\u00a0Aux\u00edlio Emergencial\u00a0a 3,2 milh\u00f5es de pessoas. Isso encerra o calend\u00e1rio de pagamentos do programa, lan\u00e7ado em abril deste ano para apoiar trabalhadores aut\u00f4nomos e desempregados afetados pela pandemia. Ao todo, 68 milh\u00f5es de brasileiros foram socorridos.<\/p>\n<\/div>\n<div class=\"wall protected-content\">\n<div class=\"mc-column content-text active-extra-styles \" data-block-type=\"unstyled\" data-block-weight=\"28\" data-block-id=\"3\">\n<p class=\"content-text__container \" data-track-category=\"Link no Texto\" data-track-links=\"\">At\u00e9 o momento n\u00e3o h\u00e1 qualquer nenhuma indica\u00e7\u00e3o de que haver\u00e1 um novo aux\u00edlio em 2021\u00a0ou lan\u00e7amento de um novo programa social ou substituto do Bolsa Fam\u00edlia.<\/p>\n<\/div>\n<div class=\"mc-column content-text active-extra-styles \" data-block-type=\"unstyled\" data-block-weight=\"23\" data-block-id=\"4\">\n<p class=\"content-text__container \" data-track-category=\"Link no Texto\" data-track-links=\"\">De acordo com o Minist\u00e9rio da Cidadania, em 2021, s\u00f3 ser\u00e3o efetuados pagamentos resultantes de contesta\u00e7\u00f5es administrativas e extrajudiciais e de decis\u00f5es judiciais.<\/p>\n<\/div>\n<div class=\"mc-column content-text active-extra-styles \" data-block-type=\"unstyled\" data-block-weight=\"42\" data-block-id=\"5\">\n<p class=\"content-text__container \" data-track-category=\"Link no Texto\" data-track-links=\"\">Parlamentares seguem defendendo a prorroga\u00e7\u00e3o do aux\u00edlio por dois ou tr\u00eas meses em 2021, por meio da amplia\u00e7\u00e3o do estado de calamidade p\u00fablica, mas o ministro da Economia, Paulo Guedes,\u00a0tem reafirmado que o programa ir\u00e1 acabar no final de 2020.<\/p>\n<\/div>\n<\/div>\n","protected":false},"excerpt":{"rendered":"<p>A\u00a0Caixa Econ\u00f4mica Federal(CEF) paga nesta ter\u00e7a-feira (29) a \u00faltima parcela do\u00a0Aux\u00edlio Emergencial\u00a0a 3,2 milh\u00f5es de pessoas. Isso encerra o calend\u00e1rio de pagamentos do programa, lan\u00e7ado em abril deste ano para apoiar trabalhadores aut\u00f4nomos e desempregados afetados pela pandemia. Ao todo, 68 milh\u00f5es de brasileiros foram socorridos. At\u00e9 o momento n\u00e3o h\u00e1 qualquer nenhuma indica\u00e7\u00e3o de [&hellip;]<\/p>\n","protected":false},"author":2,"featured_media":92272,"comment_status":"open","ping_status":"open","sticky":false,"template":"","format":"standard","meta":{"footnotes":"","_links_to":"","_links_to_target":""},"categories":[1],"tags":[],"class_list":["post-92270","post","type-post","status-publish","format-standard","has-post-thumbnail","hentry","category-geral"],"views":864,"_links":{"self":[{"href":"https:\/\/www.sudoestehoje.com.br\/novoportal\/wp-json\/wp\/v2\/posts\/92270","targetHints":{"allow":["GET"]}}],"collection":[{"href":"https:\/\/www.sudoestehoje.com.br\/novoportal\/wp-json\/wp\/v2\/posts"}],"about":[{"href":"https:\/\/www.sudoestehoje.com.br\/novoportal\/wp-json\/wp\/v2\/types\/post"}],"author":[{"embeddable":true,"href":"https:\/\/www.sudoestehoje.com.br\/novoportal\/wp-json\/wp\/v2\/users\/2"}],"replies":[{"embeddable":true,"href":"https:\/\/www.sudoestehoje.com.br\/novoportal\/wp-json\/wp\/v2\/comments?post=92270"}],"version-history":[{"count":2,"href":"https:\/\/www.sudoestehoje.com.br\/novoportal\/wp-json\/wp\/v2\/posts\/92270\/revisions"}],"predecessor-version":[{"id":92273,"href":"https:\/\/www.sudoestehoje.com.br\/novoportal\/wp-json\/wp\/v2\/posts\/92270\/revisions\/92273"}],"wp:featuredmedia":[{"embeddable":true,"href":"https:\/\/www.sudoestehoje.com.br\/novoportal\/wp-json\/wp\/v2\/media\/92272"}],"wp:attachment":[{"href":"https:\/\/www.sudoestehoje.com.br\/novoportal\/wp-json\/wp\/v2\/media?parent=92270"}],"wp:term":[{"taxonomy":"category","embeddable":true,"href":"https:\/\/www.sudoestehoje.com.br\/novoportal\/wp-json\/wp\/v2\/categories?post=92270"},{"taxonomy":"post_tag","embeddable":true,"href":"https:\/\/www.sudoestehoje.com.br\/novoportal\/wp-json\/wp\/v2\/tags?post=92270"}],"curies":[{"name":"wp","href":"https:\/\/api.w.org\/{rel}","templated":true}]}}