
{"id":92258,"date":"2020-12-28T10:25:47","date_gmt":"2020-12-28T13:25:47","guid":{"rendered":"https:\/\/www.sudoestehoje.com.br\/novoportal\/?p=92258"},"modified":"2020-12-28T10:25:47","modified_gmt":"2020-12-28T13:25:47","slug":"itapetinga-cerimonia-de-posse-de-prefeito-vice-e-vereadores-acontece-nesta-sexta","status":"publish","type":"post","link":"https:\/\/www.sudoestehoje.com.br\/novoportal\/2020\/12\/28\/itapetinga-cerimonia-de-posse-de-prefeito-vice-e-vereadores-acontece-nesta-sexta\/","title":{"rendered":"ITAPETINGA: CERIM\u00d4NIA DE POSSE DE PREFEITO, VICE E VEREADORES ACONTECE NESTA SEXTA"},"content":{"rendered":"<p><a href=\"https:\/\/www.sudoestehoje.com.br\/novoportal\/wp-content\/uploads\/2020\/12\/POSSE-PREFEITO-VICE-E-VEREADORES.jpeg\"><img loading=\"lazy\" decoding=\"async\" class=\"aligncenter size-medium wp-image-92260\" src=\"https:\/\/www.sudoestehoje.com.br\/novoportal\/wp-content\/uploads\/2020\/12\/POSSE-PREFEITO-VICE-E-VEREADORES-500x557.jpeg\" alt=\"\" width=\"500\" height=\"557\" srcset=\"https:\/\/www.sudoestehoje.com.br\/novoportal\/wp-content\/uploads\/2020\/12\/POSSE-PREFEITO-VICE-E-VEREADORES-500x557.jpeg 500w, https:\/\/www.sudoestehoje.com.br\/novoportal\/wp-content\/uploads\/2020\/12\/POSSE-PREFEITO-VICE-E-VEREADORES-700x780.jpeg 700w, https:\/\/www.sudoestehoje.com.br\/novoportal\/wp-content\/uploads\/2020\/12\/POSSE-PREFEITO-VICE-E-VEREADORES.jpeg 768w\" sizes=\"auto, (max-width: 500px) 100vw, 500px\" \/><\/a><\/p>\n<p>A C\u00e2mara Municipal de Itapetinga-BA comunica que a Cerim\u00f4nia de Posse dos eleitos no pleito municipal de 2020 ser\u00e1 realizada na pr\u00f3xima sexta-feira (1\u00ba de janeiro), \u00e0s 9 horas, no Plen\u00e1rio Ulysses Guimar\u00e3es. Na mesma sess\u00e3o solene, ocorrer\u00e1 a Elei\u00e7\u00e3o da Mesa Diretora da Casa Legislativa (Bi\u00eanio 2021-2022).<\/p>\n<p>Em raz\u00e3o da pandemia da Covid-19, a quantidade de pessoas convidadas para o evento foi limitada. O acesso \u00e0 cerim\u00f4nia ser\u00e1 restrito aos eleitos, a autoridades, representantes da imprensa e familiares dos eleitos cujos nomes foram indicados previamente.<\/p>\n<p>A popula\u00e7\u00e3o poder\u00e1 acompanhar a transmiss\u00e3o ao vivo da solenidade pelos canais oficiais da C\u00e2mara de Vereadores no Facebook (<a href=\"https:\/\/www.facebook.com\/camaraitapetingaoficial\">facebook.com\/camaraitapetingaoficial<\/a>) e YouTube (<a href=\"https:\/\/www.youtube.com\/tvcamaraitapetinga\">youtube.com\/tvcamaraitapetinga<\/a>).<\/p>\n<p>Conforme determina o Regimento Interno do Poder Legislativo Municipal, a C\u00e2mara de Vereadores instalar-se-\u00e1 em 1\u00ba de janeiro no primeiro ano da Legislatura atrav\u00e9s de Sess\u00e3o Solene sob a presid\u00eancia do vereador eleito mais idoso. Ap\u00f3s apresentarem declara\u00e7\u00e3o p\u00fablica de bens, os vereadores presentes, diplomados, ser\u00e3o empossados com a leitura do compromisso de posse e juramento.<\/p>\n<p>Em seguida, ser\u00e3o apresentadas as chapas para a elei\u00e7\u00e3o da Mesa da C\u00e2mara, sob vota\u00e7\u00e3o secreta. J\u00e1 eleito, o novo presidente da Casa assumir\u00e1 os trabalhos e dar\u00e1 posse ao prefeito e ao seu vice. Ent\u00e3o, o chefe do Executivo Municipal apresentar\u00e1, em linhas gerais, seu programa de governo.<\/p>\n<p><strong><em>Confira os eleitos que ser\u00e3o empossados:<\/em><\/strong><\/p>\n<p><strong>Pefeito:<\/strong>\u00a0Rodrigo Hagge (MDB)<\/p>\n<p><strong>Vice-prefeito:<\/strong>\u00a0Renan Pereira (DEM)<\/p>\n<p><strong>Vereadores:<\/strong><\/p>\n<p><strong>\u00a0<\/strong>Aldelino Andrade Fonseca (Peto), do MDB;<\/p>\n<p>Anderson Alves Cruz (Anderson da Nova), do DEM;<\/p>\n<p>Ant\u00f4nio Carlos Gomes (Tuca), do Republicanos;<\/p>\n<p>Antonio Ferraz Silva Neto (Neto Ferraz), do PSC;<\/p>\n<p>Eliomar Alves Barreira (Tarug\u00e3o), do MDB;<\/p>\n<p>Emanuelle Brand\u00e3o Dias Carvalho (Manu de Chico Ferro Velho), do MDB;<\/p>\n<p>Evandro Souza Silva (Pastor Evandro Souza), do PSD;<\/p>\n<p>Genison Feitosa do Nascimento (Geg\u00ea), do PSB;<\/p>\n<p>Helder Fl\u00e1vio Pinto Ladeia (Helder de Bandeira), do PSC;<\/p>\n<p>Hilderico de Souza Ferraz Nogueira (Tiquinho Nogueira), do PDT;<\/p>\n<p>Jo\u00e3o de Deus da Silva Filho (Jo\u00e3o de Deus), do MDB;<\/p>\n<p>Leonardo Rodrigues Matos (L\u00e9o Matos), do PSD;<\/p>\n<p>Luciano Santos Almeida (Luciano Almeida), do MDB;<\/p>\n<p>Sibele Shirley da Silva Moura Nery (Sibele Nery), do PT;<\/p>\n<p>Valdeir Chagas do Nascimento (Valdeir Chagas), do PDT.<\/p>\n","protected":false},"excerpt":{"rendered":"<p>A C\u00e2mara Municipal de Itapetinga-BA comunica que a Cerim\u00f4nia de Posse dos eleitos no pleito municipal de 2020 ser\u00e1 realizada na pr\u00f3xima sexta-feira (1\u00ba de janeiro), \u00e0s 9 horas, no Plen\u00e1rio Ulysses Guimar\u00e3es. Na mesma sess\u00e3o solene, ocorrer\u00e1 a Elei\u00e7\u00e3o da Mesa Diretora da Casa Legislativa (Bi\u00eanio 2021-2022). Em raz\u00e3o da pandemia da Covid-19, a [&hellip;]<\/p>\n","protected":false},"author":2,"featured_media":92260,"comment_status":"open","ping_status":"open","sticky":false,"template":"","format":"standard","meta":{"footnotes":"","_links_to":"","_links_to_target":""},"categories":[1],"tags":[],"class_list":["post-92258","post","type-post","status-publish","format-standard","has-post-thumbnail","hentry","category-geral"],"views":1216,"_links":{"self":[{"href":"https:\/\/www.sudoestehoje.com.br\/novoportal\/wp-json\/wp\/v2\/posts\/92258","targetHints":{"allow":["GET"]}}],"collection":[{"href":"https:\/\/www.sudoestehoje.com.br\/novoportal\/wp-json\/wp\/v2\/posts"}],"about":[{"href":"https:\/\/www.sudoestehoje.com.br\/novoportal\/wp-json\/wp\/v2\/types\/post"}],"author":[{"embeddable":true,"href":"https:\/\/www.sudoestehoje.com.br\/novoportal\/wp-json\/wp\/v2\/users\/2"}],"replies":[{"embeddable":true,"href":"https:\/\/www.sudoestehoje.com.br\/novoportal\/wp-json\/wp\/v2\/comments?post=92258"}],"version-history":[{"count":2,"href":"https:\/\/www.sudoestehoje.com.br\/novoportal\/wp-json\/wp\/v2\/posts\/92258\/revisions"}],"predecessor-version":[{"id":92261,"href":"https:\/\/www.sudoestehoje.com.br\/novoportal\/wp-json\/wp\/v2\/posts\/92258\/revisions\/92261"}],"wp:featuredmedia":[{"embeddable":true,"href":"https:\/\/www.sudoestehoje.com.br\/novoportal\/wp-json\/wp\/v2\/media\/92260"}],"wp:attachment":[{"href":"https:\/\/www.sudoestehoje.com.br\/novoportal\/wp-json\/wp\/v2\/media?parent=92258"}],"wp:term":[{"taxonomy":"category","embeddable":true,"href":"https:\/\/www.sudoestehoje.com.br\/novoportal\/wp-json\/wp\/v2\/categories?post=92258"},{"taxonomy":"post_tag","embeddable":true,"href":"https:\/\/www.sudoestehoje.com.br\/novoportal\/wp-json\/wp\/v2\/tags?post=92258"}],"curies":[{"name":"wp","href":"https:\/\/api.w.org\/{rel}","templated":true}]}}