
{"id":92250,"date":"2020-12-27T22:00:53","date_gmt":"2020-12-28T01:00:53","guid":{"rendered":"https:\/\/www.sudoestehoje.com.br\/novoportal\/?p=92250"},"modified":"2020-12-27T22:00:53","modified_gmt":"2020-12-28T01:00:53","slug":"mourao-testa-positivo-para-covid-19","status":"publish","type":"post","link":"https:\/\/www.sudoestehoje.com.br\/novoportal\/2020\/12\/27\/mourao-testa-positivo-para-covid-19\/","title":{"rendered":"MOUR\u00c3O TESTA POSITIVO PARA COVID-19"},"content":{"rendered":"<p><a href=\"https:\/\/www.sudoestehoje.com.br\/novoportal\/wp-content\/uploads\/2020\/12\/MOUR\u00c3O-COVID.jpg\"><img loading=\"lazy\" decoding=\"async\" class=\"aligncenter size-medium wp-image-92251\" src=\"https:\/\/www.sudoestehoje.com.br\/novoportal\/wp-content\/uploads\/2020\/12\/MOUR\u00c3O-COVID-500x311.jpg\" alt=\"\" width=\"500\" height=\"311\" srcset=\"https:\/\/www.sudoestehoje.com.br\/novoportal\/wp-content\/uploads\/2020\/12\/MOUR\u00c3O-COVID-500x311.jpg 500w, https:\/\/www.sudoestehoje.com.br\/novoportal\/wp-content\/uploads\/2020\/12\/MOUR\u00c3O-COVID-700x436.jpg 700w, https:\/\/www.sudoestehoje.com.br\/novoportal\/wp-content\/uploads\/2020\/12\/MOUR\u00c3O-COVID-768x478.jpg 768w, https:\/\/www.sudoestehoje.com.br\/novoportal\/wp-content\/uploads\/2020\/12\/MOUR\u00c3O-COVID.jpg 940w\" sizes=\"auto, (max-width: 500px) 100vw, 500px\" \/><\/a><\/p>\n<p>O vice-presidente da Rep\u00fablica, Hamilton Mour\u00e3o, testou positivo para covid-19, segundo nota divulgada pela assessoria.<\/p>\n<p>Para evitar a contamina\u00e7\u00e3o de outras pessoas, ele permanecer\u00e1 em isolamento na resid\u00eancia oficial do Jaburu, em Bras\u00edlia.<\/p>\n<p>N\u00e3o h\u00e1 informa\u00e7\u00f5es sobre seu estado de sa\u00fade<em>. \/\/Correio<\/em><\/p>\n","protected":false},"excerpt":{"rendered":"<p>O vice-presidente da Rep\u00fablica, Hamilton Mour\u00e3o, testou positivo para covid-19, segundo nota divulgada pela assessoria. Para evitar a contamina\u00e7\u00e3o de outras pessoas, ele permanecer\u00e1 em isolamento na resid\u00eancia oficial do Jaburu, em Bras\u00edlia. N\u00e3o h\u00e1 informa\u00e7\u00f5es sobre seu estado de sa\u00fade. \/\/Correio<\/p>\n","protected":false},"author":2,"featured_media":92251,"comment_status":"open","ping_status":"open","sticky":false,"template":"","format":"standard","meta":{"footnotes":"","_links_to":"","_links_to_target":""},"categories":[1],"tags":[],"class_list":["post-92250","post","type-post","status-publish","format-standard","has-post-thumbnail","hentry","category-geral"],"views":1163,"_links":{"self":[{"href":"https:\/\/www.sudoestehoje.com.br\/novoportal\/wp-json\/wp\/v2\/posts\/92250","targetHints":{"allow":["GET"]}}],"collection":[{"href":"https:\/\/www.sudoestehoje.com.br\/novoportal\/wp-json\/wp\/v2\/posts"}],"about":[{"href":"https:\/\/www.sudoestehoje.com.br\/novoportal\/wp-json\/wp\/v2\/types\/post"}],"author":[{"embeddable":true,"href":"https:\/\/www.sudoestehoje.com.br\/novoportal\/wp-json\/wp\/v2\/users\/2"}],"replies":[{"embeddable":true,"href":"https:\/\/www.sudoestehoje.com.br\/novoportal\/wp-json\/wp\/v2\/comments?post=92250"}],"version-history":[{"count":2,"href":"https:\/\/www.sudoestehoje.com.br\/novoportal\/wp-json\/wp\/v2\/posts\/92250\/revisions"}],"predecessor-version":[{"id":92253,"href":"https:\/\/www.sudoestehoje.com.br\/novoportal\/wp-json\/wp\/v2\/posts\/92250\/revisions\/92253"}],"wp:featuredmedia":[{"embeddable":true,"href":"https:\/\/www.sudoestehoje.com.br\/novoportal\/wp-json\/wp\/v2\/media\/92251"}],"wp:attachment":[{"href":"https:\/\/www.sudoestehoje.com.br\/novoportal\/wp-json\/wp\/v2\/media?parent=92250"}],"wp:term":[{"taxonomy":"category","embeddable":true,"href":"https:\/\/www.sudoestehoje.com.br\/novoportal\/wp-json\/wp\/v2\/categories?post=92250"},{"taxonomy":"post_tag","embeddable":true,"href":"https:\/\/www.sudoestehoje.com.br\/novoportal\/wp-json\/wp\/v2\/tags?post=92250"}],"curies":[{"name":"wp","href":"https:\/\/api.w.org\/{rel}","templated":true}]}}