
{"id":92223,"date":"2020-12-26T18:44:26","date_gmt":"2020-12-26T21:44:26","guid":{"rendered":"https:\/\/www.sudoestehoje.com.br\/novoportal\/?p=92223"},"modified":"2020-12-26T18:48:57","modified_gmt":"2020-12-26T21:48:57","slug":"conquista-herzem-gusmao-e-transferido-para-tratamento-pulmonar-em-sao-paulo","status":"publish","type":"post","link":"https:\/\/www.sudoestehoje.com.br\/novoportal\/2020\/12\/26\/conquista-herzem-gusmao-e-transferido-para-tratamento-pulmonar-em-sao-paulo\/","title":{"rendered":"CONQUISTA: HERZEM GUSM\u00c3O \u00c9 TRANSFERIDO PARA TRATAMENTO PULMONAR EM S\u00c3O PAULO"},"content":{"rendered":"<p><a href=\"https:\/\/www.sudoestehoje.com.br\/novoportal\/wp-content\/uploads\/2020\/12\/herzem.jpeg\"><img loading=\"lazy\" decoding=\"async\" class=\"aligncenter size-medium wp-image-92228\" src=\"https:\/\/www.sudoestehoje.com.br\/novoportal\/wp-content\/uploads\/2020\/12\/herzem-500x333.jpeg\" alt=\"\" width=\"500\" height=\"333\" srcset=\"https:\/\/www.sudoestehoje.com.br\/novoportal\/wp-content\/uploads\/2020\/12\/herzem-500x333.jpeg 500w, https:\/\/www.sudoestehoje.com.br\/novoportal\/wp-content\/uploads\/2020\/12\/herzem-700x467.jpeg 700w, https:\/\/www.sudoestehoje.com.br\/novoportal\/wp-content\/uploads\/2020\/12\/herzem-768x512.jpeg 768w, https:\/\/www.sudoestehoje.com.br\/novoportal\/wp-content\/uploads\/2020\/12\/herzem.jpeg 1140w\" sizes=\"auto, (max-width: 500px) 100vw, 500px\" \/><\/a><\/p>\n<p>Ap\u00f3s ser diagnosticado com COVID-19 no dia 7 de dezembro, o prefeito Herzem Gusm\u00e3o Pereira, de 72 anos, seguiu em tratamento domiciliar nos primeiros dias da doen\u00e7a, respondendo bem ao tratamento.<\/p>\n<p>No dia 18, foi indicada a necessidade de interna\u00e7\u00e3o em unidade hospitalar. Devido \u00e0 presen\u00e7a de doen\u00e7as pulmonares preexistentes, o prefeito evoluiu com complica\u00e7\u00f5es decorrentes da doen\u00e7a.<\/p>\n<p>No in\u00edcio da noite deste s\u00e1bado (26), entretanto, Herzem foi transferido em transporte a\u00e9reo do Hospital Samur, para o Hospital S\u00edrio Liban\u00eas, em S\u00e3o Paulo, onde dar\u00e1 in\u00edcio ao tratamento de reabilita\u00e7\u00e3o pulmonar.<\/p>\n<p>A posse dos prefeitos eleitos e reeleito est\u00e1 prevista para o dia 1\u00ba de Janeiro de 2021, de forma presencial, mas no caso do gestor reeleito de Conquista a posse poder\u00e1 ocorrer de forma remota, via internet, como aconteceu na diploma\u00e7\u00e3o.<\/p>\n","protected":false},"excerpt":{"rendered":"<p>Ap\u00f3s ser diagnosticado com COVID-19 no dia 7 de dezembro, o prefeito Herzem Gusm\u00e3o Pereira, de 72 anos, seguiu em tratamento domiciliar nos primeiros dias da doen\u00e7a, respondendo bem ao tratamento. No dia 18, foi indicada a necessidade de interna\u00e7\u00e3o em unidade hospitalar. Devido \u00e0 presen\u00e7a de doen\u00e7as pulmonares preexistentes, o prefeito evoluiu com complica\u00e7\u00f5es [&hellip;]<\/p>\n","protected":false},"author":2,"featured_media":92228,"comment_status":"open","ping_status":"open","sticky":false,"template":"","format":"standard","meta":{"footnotes":"","_links_to":"","_links_to_target":""},"categories":[1],"tags":[],"class_list":["post-92223","post","type-post","status-publish","format-standard","has-post-thumbnail","hentry","category-geral"],"views":1442,"_links":{"self":[{"href":"https:\/\/www.sudoestehoje.com.br\/novoportal\/wp-json\/wp\/v2\/posts\/92223","targetHints":{"allow":["GET"]}}],"collection":[{"href":"https:\/\/www.sudoestehoje.com.br\/novoportal\/wp-json\/wp\/v2\/posts"}],"about":[{"href":"https:\/\/www.sudoestehoje.com.br\/novoportal\/wp-json\/wp\/v2\/types\/post"}],"author":[{"embeddable":true,"href":"https:\/\/www.sudoestehoje.com.br\/novoportal\/wp-json\/wp\/v2\/users\/2"}],"replies":[{"embeddable":true,"href":"https:\/\/www.sudoestehoje.com.br\/novoportal\/wp-json\/wp\/v2\/comments?post=92223"}],"version-history":[{"count":5,"href":"https:\/\/www.sudoestehoje.com.br\/novoportal\/wp-json\/wp\/v2\/posts\/92223\/revisions"}],"predecessor-version":[{"id":92229,"href":"https:\/\/www.sudoestehoje.com.br\/novoportal\/wp-json\/wp\/v2\/posts\/92223\/revisions\/92229"}],"wp:featuredmedia":[{"embeddable":true,"href":"https:\/\/www.sudoestehoje.com.br\/novoportal\/wp-json\/wp\/v2\/media\/92228"}],"wp:attachment":[{"href":"https:\/\/www.sudoestehoje.com.br\/novoportal\/wp-json\/wp\/v2\/media?parent=92223"}],"wp:term":[{"taxonomy":"category","embeddable":true,"href":"https:\/\/www.sudoestehoje.com.br\/novoportal\/wp-json\/wp\/v2\/categories?post=92223"},{"taxonomy":"post_tag","embeddable":true,"href":"https:\/\/www.sudoestehoje.com.br\/novoportal\/wp-json\/wp\/v2\/tags?post=92223"}],"curies":[{"name":"wp","href":"https:\/\/api.w.org\/{rel}","templated":true}]}}