
{"id":92145,"date":"2020-12-23T20:11:44","date_gmt":"2020-12-23T23:11:44","guid":{"rendered":"https:\/\/www.sudoestehoje.com.br\/novoportal\/?p=92145"},"modified":"2020-12-23T20:11:44","modified_gmt":"2020-12-23T23:11:44","slug":"flamengo-admite-que-nao-encontrou-provas-da-acusacao-de-gerson-a-ramirez","status":"publish","type":"post","link":"https:\/\/www.sudoestehoje.com.br\/novoportal\/2020\/12\/23\/flamengo-admite-que-nao-encontrou-provas-da-acusacao-de-gerson-a-ramirez\/","title":{"rendered":"FLAMENGO ADMITE QUE N\u00c3O ENCONTROU PROVAS DA ACUSA\u00c7\u00c3O DE GERSON A RAMIREZ"},"content":{"rendered":"<p><a href=\"https:\/\/www.sudoestehoje.com.br\/novoportal\/wp-content\/uploads\/2020\/12\/xgerson.jpg.pagespeed.ic_.O98mqYMaAO.jpg\"><img loading=\"lazy\" decoding=\"async\" class=\"aligncenter size-medium wp-image-92147\" src=\"https:\/\/www.sudoestehoje.com.br\/novoportal\/wp-content\/uploads\/2020\/12\/xgerson.jpg.pagespeed.ic_.O98mqYMaAO-500x300.jpg\" alt=\"\" width=\"500\" height=\"300\" srcset=\"https:\/\/www.sudoestehoje.com.br\/novoportal\/wp-content\/uploads\/2020\/12\/xgerson.jpg.pagespeed.ic_.O98mqYMaAO-500x300.jpg 500w, https:\/\/www.sudoestehoje.com.br\/novoportal\/wp-content\/uploads\/2020\/12\/xgerson.jpg.pagespeed.ic_.O98mqYMaAO-700x420.jpg 700w, https:\/\/www.sudoestehoje.com.br\/novoportal\/wp-content\/uploads\/2020\/12\/xgerson.jpg.pagespeed.ic_.O98mqYMaAO-768x461.jpg 768w, https:\/\/www.sudoestehoje.com.br\/novoportal\/wp-content\/uploads\/2020\/12\/xgerson.jpg.pagespeed.ic_.O98mqYMaAO.jpg 1086w\" sizes=\"auto, (max-width: 500px) 100vw, 500px\" \/><\/a><\/p>\n<p>Reviravolta no caso &#8220;Ram\u00edrez e Gerson&#8221;. De acordo com as \u00faltimas informa\u00e7\u00f5es a respeito do assunto, o Flamengo n\u00e3o encontrou nenhum tipo de ofensa do jogador colombiano ao atleta do &#8220;meng\u00e3o&#8221; aqui em destaque, mas sim a Bruno Henrique.<\/p>\n<p>A revela\u00e7\u00e3o foi feita pelo vice-presidente jur\u00eddico do clube carioca &#8211; Rodrigo Dunshee de Abranches, que revela o que o clube apurou ap\u00f3s horas de an\u00e1lise de todo o jogo entre\u00a0<a class=\"lib tg-lib\" href=\"https:\/\/www.minhatorcida.com.br\/flamengo\">Flamengo<\/a>\u00a0e\u00a0<a class=\"lib tg-lib\" href=\"https:\/\/www.minhatorcida.com.br\/bahia\">Bahia<\/a>, realizado no \u00faltimo final de semana, pelo\u00a0<a class=\"lib tg-lib\" href=\"https:\/\/www.minhatorcida.com.br\/brasileirao-serie-a-2020\">Campeonato Brasileiro<\/a>.<\/p>\n<p>De acordo com esse, as c\u00e2meras da transmiss\u00e3o de qualquer partida n\u00e3o ficam cada segundo focadas nos jogadores, ou pelo menos em seus rostos. Desta forma a acusa\u00e7\u00e3o de Gerson que diz ter ouvido Ram\u00edrez dizer a ele: &#8220;Cala a boca, negro&#8221;, n\u00e3o fora localizadas nessas imagens, como divulgou a pr\u00f3pria Globo, no dia de ontem.<\/p>\n<p><strong>&#8220;N\u00e3o foram captadas outras imagens do momento exato em que a ofensa teria acontecido, que permitam apurar o que foi dito pelo atleta. Ressaltamos que as imagens est\u00e3o sendo concedidas exclusivamente para a apura\u00e7\u00e3o do incidente supostamente ocorrido, n\u00e3o sendo permitida qualquer outra utiliza\u00e7\u00e3o&#8221;.<\/strong><\/p>\n<p>Foram revista cenas da partida aqui j\u00e1 destacada entre 6 minutos e 22 segundos at\u00e9 8 minutos do segundo tempo, quando os dois personagens deste caso estavam bem pr\u00f3ximos um do outro e nada foi visto com rela\u00e7\u00e3o a que Gerson acusa o jogador colombiano, no entanto, o Flamengo garante ter provas de que o atleta do Bahia foi sim racista, mas com outro jogador seu. Aqui entra Bruno Henrique.<\/p>\n","protected":false},"excerpt":{"rendered":"<p>Reviravolta no caso &#8220;Ram\u00edrez e Gerson&#8221;. De acordo com as \u00faltimas informa\u00e7\u00f5es a respeito do assunto, o Flamengo n\u00e3o encontrou nenhum tipo de ofensa do jogador colombiano ao atleta do &#8220;meng\u00e3o&#8221; aqui em destaque, mas sim a Bruno Henrique. A revela\u00e7\u00e3o foi feita pelo vice-presidente jur\u00eddico do clube carioca &#8211; Rodrigo Dunshee de Abranches, que [&hellip;]<\/p>\n","protected":false},"author":2,"featured_media":92147,"comment_status":"open","ping_status":"open","sticky":false,"template":"","format":"standard","meta":{"footnotes":"","_links_to":"","_links_to_target":""},"categories":[1],"tags":[],"class_list":["post-92145","post","type-post","status-publish","format-standard","has-post-thumbnail","hentry","category-geral"],"views":16887,"_links":{"self":[{"href":"https:\/\/www.sudoestehoje.com.br\/novoportal\/wp-json\/wp\/v2\/posts\/92145","targetHints":{"allow":["GET"]}}],"collection":[{"href":"https:\/\/www.sudoestehoje.com.br\/novoportal\/wp-json\/wp\/v2\/posts"}],"about":[{"href":"https:\/\/www.sudoestehoje.com.br\/novoportal\/wp-json\/wp\/v2\/types\/post"}],"author":[{"embeddable":true,"href":"https:\/\/www.sudoestehoje.com.br\/novoportal\/wp-json\/wp\/v2\/users\/2"}],"replies":[{"embeddable":true,"href":"https:\/\/www.sudoestehoje.com.br\/novoportal\/wp-json\/wp\/v2\/comments?post=92145"}],"version-history":[{"count":2,"href":"https:\/\/www.sudoestehoje.com.br\/novoportal\/wp-json\/wp\/v2\/posts\/92145\/revisions"}],"predecessor-version":[{"id":92148,"href":"https:\/\/www.sudoestehoje.com.br\/novoportal\/wp-json\/wp\/v2\/posts\/92145\/revisions\/92148"}],"wp:featuredmedia":[{"embeddable":true,"href":"https:\/\/www.sudoestehoje.com.br\/novoportal\/wp-json\/wp\/v2\/media\/92147"}],"wp:attachment":[{"href":"https:\/\/www.sudoestehoje.com.br\/novoportal\/wp-json\/wp\/v2\/media?parent=92145"}],"wp:term":[{"taxonomy":"category","embeddable":true,"href":"https:\/\/www.sudoestehoje.com.br\/novoportal\/wp-json\/wp\/v2\/categories?post=92145"},{"taxonomy":"post_tag","embeddable":true,"href":"https:\/\/www.sudoestehoje.com.br\/novoportal\/wp-json\/wp\/v2\/tags?post=92145"}],"curies":[{"name":"wp","href":"https:\/\/api.w.org\/{rel}","templated":true}]}}