
{"id":92128,"date":"2020-12-23T08:57:58","date_gmt":"2020-12-23T11:57:58","guid":{"rendered":"https:\/\/www.sudoestehoje.com.br\/novoportal\/?p=92128"},"modified":"2020-12-23T09:10:49","modified_gmt":"2020-12-23T12:10:49","slug":"presidente-do-stj-solta-crivelle-e-manda-ficar-em-casa-com-tornozeleira","status":"publish","type":"post","link":"https:\/\/www.sudoestehoje.com.br\/novoportal\/2020\/12\/23\/presidente-do-stj-solta-crivelle-e-manda-ficar-em-casa-com-tornozeleira\/","title":{"rendered":"PRESIDENTE DO STJ SOLTA CRIVELLA E MANDA FICAR EM CASA, COM TORNOZELEIRA"},"content":{"rendered":"<p><a href=\"https:\/\/www.sudoestehoje.com.br\/novoportal\/wp-content\/uploads\/2020\/12\/CRIVELLA-DOMICILIAR-scaled.jpg\"><img loading=\"lazy\" decoding=\"async\" class=\"aligncenter size-medium wp-image-92131\" src=\"https:\/\/www.sudoestehoje.com.br\/novoportal\/wp-content\/uploads\/2020\/12\/CRIVELLA-DOMICILIAR-500x333.jpg\" alt=\"\" width=\"500\" height=\"333\" srcset=\"https:\/\/www.sudoestehoje.com.br\/novoportal\/wp-content\/uploads\/2020\/12\/CRIVELLA-DOMICILIAR-500x333.jpg 500w, https:\/\/www.sudoestehoje.com.br\/novoportal\/wp-content\/uploads\/2020\/12\/CRIVELLA-DOMICILIAR-700x467.jpg 700w, https:\/\/www.sudoestehoje.com.br\/novoportal\/wp-content\/uploads\/2020\/12\/CRIVELLA-DOMICILIAR-768x512.jpg 768w, https:\/\/www.sudoestehoje.com.br\/novoportal\/wp-content\/uploads\/2020\/12\/CRIVELLA-DOMICILIAR-1536x1024.jpg 1536w, https:\/\/www.sudoestehoje.com.br\/novoportal\/wp-content\/uploads\/2020\/12\/CRIVELLA-DOMICILIAR-2048x1365.jpg 2048w\" sizes=\"auto, (max-width: 500px) 100vw, 500px\" \/><\/a><\/p>\n<p>O presidente do STJ (Superior Tribunal de Justi\u00e7a), ministro Humberto Martins, revogou a pris\u00e3o preventiva de Marcelo Crivella (Republicanos) e determinou a pris\u00e3o domiciliar do pol\u00edtico com uso de tornozeleira eletr\u00f4nica.<\/p>\n<p dir=\"ltr\">Crivella foi afastado do comando da Prefeitura do Rio de Janeiro e preso preventivamente na manh\u00e3 desta ter\u00e7a-feira (22), em opera\u00e7\u00e3o da Pol\u00edcia Civil e do MP-RJ (Minist\u00e9rio P\u00fablico do Rio de Janeiro), autorizada pela desembargadora Rosa Helena Penna Macedo Guita. Crivella \u00e9 apontado como chefe do suposto grupo criminoso que teria institu\u00eddo um esquema de cobran\u00e7a de propina na prefeitura.<\/p>\n<p dir=\"ltr\">Al\u00e9m da pris\u00e3o domiciliar, Martins proibiu Crivella de manter contato com terceiros e dever\u00e1 entregar seus telefones e computadores \u00e0s autoridades. Ele n\u00e3o poder\u00e1 sair de casa sem autoriza\u00e7\u00e3o e est\u00e1 proibido de usar telefones.<\/p>\n","protected":false},"excerpt":{"rendered":"<p>O presidente do STJ (Superior Tribunal de Justi\u00e7a), ministro Humberto Martins, revogou a pris\u00e3o preventiva de Marcelo Crivella (Republicanos) e determinou a pris\u00e3o domiciliar do pol\u00edtico com uso de tornozeleira eletr\u00f4nica. Crivella foi afastado do comando da Prefeitura do Rio de Janeiro e preso preventivamente na manh\u00e3 desta ter\u00e7a-feira (22), em opera\u00e7\u00e3o da Pol\u00edcia Civil [&hellip;]<\/p>\n","protected":false},"author":2,"featured_media":92131,"comment_status":"open","ping_status":"open","sticky":false,"template":"","format":"standard","meta":{"footnotes":"","_links_to":"","_links_to_target":""},"categories":[1],"tags":[],"class_list":["post-92128","post","type-post","status-publish","format-standard","has-post-thumbnail","hentry","category-geral"],"views":764,"_links":{"self":[{"href":"https:\/\/www.sudoestehoje.com.br\/novoportal\/wp-json\/wp\/v2\/posts\/92128","targetHints":{"allow":["GET"]}}],"collection":[{"href":"https:\/\/www.sudoestehoje.com.br\/novoportal\/wp-json\/wp\/v2\/posts"}],"about":[{"href":"https:\/\/www.sudoestehoje.com.br\/novoportal\/wp-json\/wp\/v2\/types\/post"}],"author":[{"embeddable":true,"href":"https:\/\/www.sudoestehoje.com.br\/novoportal\/wp-json\/wp\/v2\/users\/2"}],"replies":[{"embeddable":true,"href":"https:\/\/www.sudoestehoje.com.br\/novoportal\/wp-json\/wp\/v2\/comments?post=92128"}],"version-history":[{"count":6,"href":"https:\/\/www.sudoestehoje.com.br\/novoportal\/wp-json\/wp\/v2\/posts\/92128\/revisions"}],"predecessor-version":[{"id":92135,"href":"https:\/\/www.sudoestehoje.com.br\/novoportal\/wp-json\/wp\/v2\/posts\/92128\/revisions\/92135"}],"wp:featuredmedia":[{"embeddable":true,"href":"https:\/\/www.sudoestehoje.com.br\/novoportal\/wp-json\/wp\/v2\/media\/92131"}],"wp:attachment":[{"href":"https:\/\/www.sudoestehoje.com.br\/novoportal\/wp-json\/wp\/v2\/media?parent=92128"}],"wp:term":[{"taxonomy":"category","embeddable":true,"href":"https:\/\/www.sudoestehoje.com.br\/novoportal\/wp-json\/wp\/v2\/categories?post=92128"},{"taxonomy":"post_tag","embeddable":true,"href":"https:\/\/www.sudoestehoje.com.br\/novoportal\/wp-json\/wp\/v2\/tags?post=92128"}],"curies":[{"name":"wp","href":"https:\/\/api.w.org\/{rel}","templated":true}]}}