
{"id":92125,"date":"2020-12-22T20:39:58","date_gmt":"2020-12-22T23:39:58","guid":{"rendered":"https:\/\/www.sudoestehoje.com.br\/novoportal\/?p=92125"},"modified":"2020-12-22T20:39:58","modified_gmt":"2020-12-22T23:39:58","slug":"itapetinga-presidente-naara-duarte-inaugura-memorial-da-camara-de-vereadores","status":"publish","type":"post","link":"https:\/\/www.sudoestehoje.com.br\/novoportal\/2020\/12\/22\/itapetinga-presidente-naara-duarte-inaugura-memorial-da-camara-de-vereadores\/","title":{"rendered":"ITAPETINGA: PRESIDENTE NAARA DUARTE INAUGURA MEMORIAL DA C\u00c2MARA DE VEREADORES"},"content":{"rendered":"<p><a href=\"https:\/\/www.sudoestehoje.com.br\/novoportal\/wp-content\/uploads\/2020\/12\/MEMORIAL-1.jpeg\"><img loading=\"lazy\" decoding=\"async\" class=\"aligncenter size-medium wp-image-92126\" src=\"https:\/\/www.sudoestehoje.com.br\/novoportal\/wp-content\/uploads\/2020\/12\/MEMORIAL-1-500x334.jpeg\" alt=\"\" width=\"500\" height=\"334\" srcset=\"https:\/\/www.sudoestehoje.com.br\/novoportal\/wp-content\/uploads\/2020\/12\/MEMORIAL-1-500x334.jpeg 500w, https:\/\/www.sudoestehoje.com.br\/novoportal\/wp-content\/uploads\/2020\/12\/MEMORIAL-1.jpeg 640w\" sizes=\"auto, (max-width: 500px) 100vw, 500px\" \/><\/a><\/p>\n<p>Na manh\u00e3 desta ter\u00e7a-feira (22), foi inaugurado o Memorial da C\u00e2mara Municipal de Itapetinga, um espa\u00e7o para reunir, gerenciar, divulgar e preservar fatos da trajet\u00f3ria do legislativo itapetinguense.<\/p>\n<p>A cerim\u00f4nia de inaugura\u00e7\u00e3o do Memorial do Legislativo contou com a presen\u00e7a de autoridades, representantes de entidades e da imprensa, ex-vereadores e vereadores eleitos no pleito municipal de 2020. A quantidade de convidados para o evento foi limitada devido \u00e0 pandemia da Covid-19.<\/p>\n<p><a href=\"https:\/\/www.sudoestehoje.com.br\/novoportal\/wp-content\/uploads\/2020\/12\/memorial-camara.jpeg\"><img loading=\"lazy\" decoding=\"async\" class=\"aligncenter size-medium wp-image-92093\" src=\"https:\/\/www.sudoestehoje.com.br\/novoportal\/wp-content\/uploads\/2020\/12\/memorial-camara-500x281.jpeg\" alt=\"\" width=\"500\" height=\"281\" srcset=\"https:\/\/www.sudoestehoje.com.br\/novoportal\/wp-content\/uploads\/2020\/12\/memorial-camara-500x281.jpeg 500w, https:\/\/www.sudoestehoje.com.br\/novoportal\/wp-content\/uploads\/2020\/12\/memorial-camara-700x394.jpeg 700w, https:\/\/www.sudoestehoje.com.br\/novoportal\/wp-content\/uploads\/2020\/12\/memorial-camara-768x432.jpeg 768w, https:\/\/www.sudoestehoje.com.br\/novoportal\/wp-content\/uploads\/2020\/12\/memorial-camara.jpeg 1280w\" sizes=\"auto, (max-width: 500px) 100vw, 500px\" \/><\/a><\/p>\n<p>Em seu discurso, a presidenta Naara Duarte falou sobre a import\u00e2ncia do Memorial, destacando a contribui\u00e7\u00e3o de ex-prefeitos, ex-vereadores e ex-vereadoras para o desenvolvimento da cidade.<\/p>\n<p>Al\u00e9m de Naara, tamb\u00e9m discursaram na cerim\u00f4nia o vice-prefeito Renan Pereira e o primeiro-secret\u00e1rio da Mesa Diretora, Nailton Negreiro.<\/p>\n","protected":false},"excerpt":{"rendered":"<p>Na manh\u00e3 desta ter\u00e7a-feira (22), foi inaugurado o Memorial da C\u00e2mara Municipal de Itapetinga, um espa\u00e7o para reunir, gerenciar, divulgar e preservar fatos da trajet\u00f3ria do legislativo itapetinguense. A cerim\u00f4nia de inaugura\u00e7\u00e3o do Memorial do Legislativo contou com a presen\u00e7a de autoridades, representantes de entidades e da imprensa, ex-vereadores e vereadores eleitos no pleito municipal [&hellip;]<\/p>\n","protected":false},"author":2,"featured_media":92126,"comment_status":"open","ping_status":"open","sticky":false,"template":"","format":"standard","meta":{"footnotes":"","_links_to":"","_links_to_target":""},"categories":[1],"tags":[],"class_list":["post-92125","post","type-post","status-publish","format-standard","has-post-thumbnail","hentry","category-geral"],"views":838,"_links":{"self":[{"href":"https:\/\/www.sudoestehoje.com.br\/novoportal\/wp-json\/wp\/v2\/posts\/92125","targetHints":{"allow":["GET"]}}],"collection":[{"href":"https:\/\/www.sudoestehoje.com.br\/novoportal\/wp-json\/wp\/v2\/posts"}],"about":[{"href":"https:\/\/www.sudoestehoje.com.br\/novoportal\/wp-json\/wp\/v2\/types\/post"}],"author":[{"embeddable":true,"href":"https:\/\/www.sudoestehoje.com.br\/novoportal\/wp-json\/wp\/v2\/users\/2"}],"replies":[{"embeddable":true,"href":"https:\/\/www.sudoestehoje.com.br\/novoportal\/wp-json\/wp\/v2\/comments?post=92125"}],"version-history":[{"count":1,"href":"https:\/\/www.sudoestehoje.com.br\/novoportal\/wp-json\/wp\/v2\/posts\/92125\/revisions"}],"predecessor-version":[{"id":92127,"href":"https:\/\/www.sudoestehoje.com.br\/novoportal\/wp-json\/wp\/v2\/posts\/92125\/revisions\/92127"}],"wp:featuredmedia":[{"embeddable":true,"href":"https:\/\/www.sudoestehoje.com.br\/novoportal\/wp-json\/wp\/v2\/media\/92126"}],"wp:attachment":[{"href":"https:\/\/www.sudoestehoje.com.br\/novoportal\/wp-json\/wp\/v2\/media?parent=92125"}],"wp:term":[{"taxonomy":"category","embeddable":true,"href":"https:\/\/www.sudoestehoje.com.br\/novoportal\/wp-json\/wp\/v2\/categories?post=92125"},{"taxonomy":"post_tag","embeddable":true,"href":"https:\/\/www.sudoestehoje.com.br\/novoportal\/wp-json\/wp\/v2\/tags?post=92125"}],"curies":[{"name":"wp","href":"https:\/\/api.w.org\/{rel}","templated":true}]}}